{"id":13212,"date":"2021-02-17T12:30:26","date_gmt":"2021-02-17T17:30:26","guid":{"rendered":"https:\/\/www.institutleadership.ca\/english\/?p=13212"},"modified":"2021-05-26T16:50:20","modified_gmt":"2021-05-26T20:50:20","slug":"17-habitudes-critiques-pour-sepanouir-en-tant-que-leader","status":"publish","type":"post","link":"https:\/\/www.institutleadership.ca\/inscription\/2021\/02\/17\/17-habitudes-critiques-pour-sepanouir-en-tant-que-leader\/","title":{"rendered":"17 habitudes critiques pour s\u2019\u00e9panouir en tant que leader"},"content":{"rendered":"<div class=\"o9v6fnle cxmmr5t8 oygrvhab hcukyx3x c1et5uql ii04i59q\"><strong><span class=\"s1\">Jeudi 13 mai de 12h30 \u00e0 13h30<\/span><\/strong><\/div>\n<p class=\"p1\"><strong><span class=\"s1\">17 habitudes critiques pour s\u2019\u00e9panouir en tant que leader\u00a0<\/span><\/strong>avec <a href=\"https:\/\/www.institutleadership.ca\/english\/our_team\/cleo-maheux-coach-senior-certifiee-scaling-up\/\">Cl\u00e9o Maheux<\/a> (Coach senior certifi\u00e9e Scaling Up)<\/p>\n<p>Lien de rediffusion : <a href=\"https:\/\/us02web.zoom.us\/rec\/share\/2WvZ4zbR5fMOySwU4kR1WIoYFm4wJskztsA_xQOcG4_awoRXN1hEtKssX8j0bPE-.eJc7kOA2jwWW-33o?startTime=1620923493000\">ICI.<\/a><\/p>\n<p class=\"p1\"><span class=\"s1\">Pour d\u00e9couvrir les programmes et certifications de l\u2019Institut de leadership, cliquez\u00a0<a href=\"https:\/\/www.institutleadership.ca\/english\/\">ICI.<\/a><\/span><\/p>\n<p>Pour plus d\u2019informations sur nos autres webinaires gratuits :\u00a0<a href=\"https:\/\/www.lapresse.ca\/xtra\/2021-05-11\/institut-de-leadership\/leadership-webinaires-gratuits.php\">ICI.<\/a><\/p>\n<p>&nbsp;<\/p>\n","protected":false},"excerpt":{"rendered":"<p>Jeudi 13 mai de 12h30 \u00e0 13h30 17 habitudes critiques pour s\u2019\u00e9panouir en tant que leader\u00a0avec Cl\u00e9o Maheux (Coach senior certifi\u00e9e Scaling Up) Lien de rediffusion : ICI. Pour d\u00e9couvrir les programmes et certifications de l\u2019Institut de leadership, cliquez\u00a0ICI. Pour &hellip; <\/p>\n","protected":false},"author":17,"featured_media":13213,"comment_status":"open","ping_status":"open","sticky":false,"template":"","format":"standard","meta":{"content-type":"","om_disable_all_campaigns":false},"categories":[102],"tags":[],"yoast_head":"<!-- This site is optimized with the Yoast SEO plugin v20.6 - https:\/\/yoast.com\/wordpress\/plugins\/seo\/ -->\n<title>17 habitudes critiques pour s\u2019\u00e9panouir en tant que leader - Institut de Leadership<\/title>\n<meta name=\"robots\" content=\"index, follow, max-snippet:-1, max-image-preview:large, max-video-preview:-1\" \/>\n<link rel=\"canonical\" href=\"https:\/\/www.institutleadership.ca\/inscription\/2021\/02\/17\/17-habitudes-critiques-pour-sepanouir-en-tant-que-leader\/\" \/>\n<meta property=\"og:locale\" content=\"fr_CA\" \/>\n<meta property=\"og:type\" content=\"article\" \/>\n<meta property=\"og:title\" content=\"17 habitudes critiques pour s\u2019\u00e9panouir en tant que leader - Institut de Leadership\" \/>\n<meta property=\"og:description\" content=\"Jeudi 13 mai de 12h30 \u00e0 13h30 17 habitudes critiques pour s\u2019\u00e9panouir en tant que leader\u00a0avec Cl\u00e9o Maheux (Coach senior certifi\u00e9e Scaling Up) Lien de rediffusion : ICI. Pour d\u00e9couvrir les programmes et certifications de l\u2019Institut de leadership, cliquez\u00a0ICI. Pour &hellip;\" \/>\n<meta property=\"og:url\" content=\"https:\/\/www.institutleadership.ca\/inscription\/2021\/02\/17\/17-habitudes-critiques-pour-sepanouir-en-tant-que-leader\/\" \/>\n<meta property=\"og:site_name\" content=\"Institut de Leadership\" \/>\n<meta property=\"article:publisher\" content=\"https:\/\/www.facebook.com\/institutleadership\/\" \/>\n<meta property=\"article:published_time\" content=\"2021-02-17T17:30:26+00:00\" \/>\n<meta property=\"article:modified_time\" content=\"2021-05-26T20:50:20+00:00\" \/>\n<meta property=\"og:image\" content=\"https:\/\/www.institutleadership.ca\/inscription\/wp-content\/uploads\/sites\/10\/2021\/04\/Cle\u0301o-Maheux.png\" \/>\n\t<meta property=\"og:image:width\" content=\"1536\" \/>\n\t<meta property=\"og:image:height\" content=\"2048\" \/>\n\t<meta property=\"og:image:type\" content=\"image\/png\" \/>\n<meta name=\"author\" content=\"Institut de leadership\" \/>\n<meta name=\"twitter:card\" content=\"summary_large_image\" \/>\n<meta name=\"twitter:label1\" content=\"\u00c9crit par\" \/>\n\t<meta name=\"twitter:data1\" content=\"Institut de leadership\" \/>\n<script type=\"application\/ld+json\" class=\"yoast-schema-graph\">{\"@context\":\"https:\/\/schema.org\",\"@graph\":[{\"@type\":\"Article\",\"@id\":\"https:\/\/www.institutleadership.ca\/inscription\/2021\/02\/17\/17-habitudes-critiques-pour-sepanouir-en-tant-que-leader\/#article\",\"isPartOf\":{\"@id\":\"https:\/\/www.institutleadership.ca\/inscription\/2021\/02\/17\/17-habitudes-critiques-pour-sepanouir-en-tant-que-leader\/\"},\"author\":{\"name\":\"Institut de leadership\",\"@id\":\"https:\/\/www.institutleadership.ca\/inscription\/#\/schema\/person\/b94edb4241f6fd455779c2ac9ae65181\"},\"headline\":\"17 habitudes critiques pour s\u2019\u00e9panouir en tant que leader\",\"datePublished\":\"2021-02-17T17:30:26+00:00\",\"dateModified\":\"2021-05-26T20:50:20+00:00\",\"mainEntityOfPage\":{\"@id\":\"https:\/\/www.institutleadership.ca\/inscription\/2021\/02\/17\/17-habitudes-critiques-pour-sepanouir-en-tant-que-leader\/\"},\"wordCount\":62,\"commentCount\":0,\"publisher\":{\"@id\":\"https:\/\/www.institutleadership.ca\/inscription\/#organization\"},\"articleSection\":[\"webinaires\"],\"inLanguage\":\"fr-CA\",\"potentialAction\":[{\"@type\":\"CommentAction\",\"name\":\"Comment\",\"target\":[\"https:\/\/www.institutleadership.ca\/inscription\/2021\/02\/17\/17-habitudes-critiques-pour-sepanouir-en-tant-que-leader\/#respond\"]}]},{\"@type\":\"WebPage\",\"@id\":\"https:\/\/www.institutleadership.ca\/inscription\/2021\/02\/17\/17-habitudes-critiques-pour-sepanouir-en-tant-que-leader\/\",\"url\":\"https:\/\/www.institutleadership.ca\/inscription\/2021\/02\/17\/17-habitudes-critiques-pour-sepanouir-en-tant-que-leader\/\",\"name\":\"17 habitudes critiques pour s\u2019\u00e9panouir en tant que leader - Institut de Leadership\",\"isPartOf\":{\"@id\":\"https:\/\/www.institutleadership.ca\/inscription\/#website\"},\"datePublished\":\"2021-02-17T17:30:26+00:00\",\"dateModified\":\"2021-05-26T20:50:20+00:00\",\"breadcrumb\":{\"@id\":\"https:\/\/www.institutleadership.ca\/inscription\/2021\/02\/17\/17-habitudes-critiques-pour-sepanouir-en-tant-que-leader\/#breadcrumb\"},\"inLanguage\":\"fr-CA\",\"potentialAction\":[{\"@type\":\"ReadAction\",\"target\":[\"https:\/\/www.institutleadership.ca\/inscription\/2021\/02\/17\/17-habitudes-critiques-pour-sepanouir-en-tant-que-leader\/\"]}]},{\"@type\":\"BreadcrumbList\",\"@id\":\"https:\/\/www.institutleadership.ca\/inscription\/2021\/02\/17\/17-habitudes-critiques-pour-sepanouir-en-tant-que-leader\/#breadcrumb\",\"itemListElement\":[{\"@type\":\"ListItem\",\"position\":1,\"name\":\"Accueil\",\"item\":\"https:\/\/www.institutleadership.ca\/inscription\/\"},{\"@type\":\"ListItem\",\"position\":2,\"name\":\"17 habitudes critiques pour s\u2019\u00e9panouir en tant que leader\"}]},{\"@type\":\"WebSite\",\"@id\":\"https:\/\/www.institutleadership.ca\/inscription\/#website\",\"url\":\"https:\/\/www.institutleadership.ca\/inscription\/\",\"name\":\"Institut de leadership\",\"description\":\"Formations pour cadres et dirigeants\",\"publisher\":{\"@id\":\"https:\/\/www.institutleadership.ca\/inscription\/#organization\"},\"potentialAction\":[{\"@type\":\"SearchAction\",\"target\":{\"@type\":\"EntryPoint\",\"urlTemplate\":\"https:\/\/www.institutleadership.ca\/inscription\/?s={search_term_string}\"},\"query-input\":\"required name=search_term_string\"}],\"inLanguage\":\"fr-CA\"},{\"@type\":\"Organization\",\"@id\":\"https:\/\/www.institutleadership.ca\/inscription\/#organization\",\"name\":\"Institut de leadership\",\"url\":\"https:\/\/www.institutleadership.ca\/inscription\/\",\"logo\":{\"@type\":\"ImageObject\",\"inLanguage\":\"fr-CA\",\"@id\":\"https:\/\/www.institutleadership.ca\/inscription\/#\/schema\/logo\/image\/\",\"url\":\"https:\/\/www.institutleadership.ca\/english\/wp-content\/uploads\/sites\/10\/2019\/11\/Logo_Officiel-2-1.jpg\",\"contentUrl\":\"https:\/\/www.institutleadership.ca\/english\/wp-content\/uploads\/sites\/10\/2019\/11\/Logo_Officiel-2-1.jpg\",\"width\":2048,\"height\":1024,\"caption\":\"Institut de leadership\"},\"image\":{\"@id\":\"https:\/\/www.institutleadership.ca\/inscription\/#\/schema\/logo\/image\/\"},\"sameAs\":[\"https:\/\/www.facebook.com\/institutleadership\/\",\"https:\/\/www.linkedin.com\/school\/5305840\"]},{\"@type\":\"Person\",\"@id\":\"https:\/\/www.institutleadership.ca\/inscription\/#\/schema\/person\/b94edb4241f6fd455779c2ac9ae65181\",\"name\":\"Institut de leadership\",\"image\":{\"@type\":\"ImageObject\",\"inLanguage\":\"fr-CA\",\"@id\":\"https:\/\/www.institutleadership.ca\/inscription\/#\/schema\/person\/image\/\",\"url\":\"https:\/\/secure.gravatar.com\/avatar\/0765876946a03d2f94bded42523f50f9?s=96&d=mm&r=g\",\"contentUrl\":\"https:\/\/secure.gravatar.com\/avatar\/0765876946a03d2f94bded42523f50f9?s=96&d=mm&r=g\",\"caption\":\"Institut de leadership\"},\"sameAs\":[\"http:\/\/institutleadership.ca\"],\"url\":\"https:\/\/www.institutleadership.ca\/inscription\/author\/institutlg\/\"}]}<\/script>\n<!-- \/ Yoast SEO plugin. -->","yoast_head_json":{"title":"17 habitudes critiques pour s\u2019\u00e9panouir en tant que leader - Institut de Leadership","robots":{"index":"index","follow":"follow","max-snippet":"max-snippet:-1","max-image-preview":"max-image-preview:large","max-video-preview":"max-video-preview:-1"},"canonical":"https:\/\/www.institutleadership.ca\/inscription\/2021\/02\/17\/17-habitudes-critiques-pour-sepanouir-en-tant-que-leader\/","og_locale":"fr_CA","og_type":"article","og_title":"17 habitudes critiques pour s\u2019\u00e9panouir en tant que leader - Institut de Leadership","og_description":"Jeudi 13 mai de 12h30 \u00e0 13h30 17 habitudes critiques pour s\u2019\u00e9panouir en tant que leader\u00a0avec Cl\u00e9o Maheux (Coach senior certifi\u00e9e Scaling Up) Lien de rediffusion : ICI. Pour d\u00e9couvrir les programmes et certifications de l\u2019Institut de leadership, cliquez\u00a0ICI. Pour &hellip;","og_url":"https:\/\/www.institutleadership.ca\/inscription\/2021\/02\/17\/17-habitudes-critiques-pour-sepanouir-en-tant-que-leader\/","og_site_name":"Institut de Leadership","article_publisher":"https:\/\/www.facebook.com\/institutleadership\/","article_published_time":"2021-02-17T17:30:26+00:00","article_modified_time":"2021-05-26T20:50:20+00:00","og_image":[{"width":1536,"height":2048,"url":"https:\/\/www.institutleadership.ca\/inscription\/wp-content\/uploads\/sites\/10\/2021\/04\/Cle\u0301o-Maheux.png","type":"image\/png"}],"author":"Institut de leadership","twitter_card":"summary_large_image","twitter_misc":{"\u00c9crit par":"Institut de leadership"},"schema":{"@context":"https:\/\/schema.org","@graph":[{"@type":"Article","@id":"https:\/\/www.institutleadership.ca\/inscription\/2021\/02\/17\/17-habitudes-critiques-pour-sepanouir-en-tant-que-leader\/#article","isPartOf":{"@id":"https:\/\/www.institutleadership.ca\/inscription\/2021\/02\/17\/17-habitudes-critiques-pour-sepanouir-en-tant-que-leader\/"},"author":{"name":"Institut de leadership","@id":"https:\/\/www.institutleadership.ca\/inscription\/#\/schema\/person\/b94edb4241f6fd455779c2ac9ae65181"},"headline":"17 habitudes critiques pour s\u2019\u00e9panouir en tant que leader","datePublished":"2021-02-17T17:30:26+00:00","dateModified":"2021-05-26T20:50:20+00:00","mainEntityOfPage":{"@id":"https:\/\/www.institutleadership.ca\/inscription\/2021\/02\/17\/17-habitudes-critiques-pour-sepanouir-en-tant-que-leader\/"},"wordCount":62,"commentCount":0,"publisher":{"@id":"https:\/\/www.institutleadership.ca\/inscription\/#organization"},"articleSection":["webinaires"],"inLanguage":"fr-CA","potentialAction":[{"@type":"CommentAction","name":"Comment","target":["https:\/\/www.institutleadership.ca\/inscription\/2021\/02\/17\/17-habitudes-critiques-pour-sepanouir-en-tant-que-leader\/#respond"]}]},{"@type":"WebPage","@id":"https:\/\/www.institutleadership.ca\/inscription\/2021\/02\/17\/17-habitudes-critiques-pour-sepanouir-en-tant-que-leader\/","url":"https:\/\/www.institutleadership.ca\/inscription\/2021\/02\/17\/17-habitudes-critiques-pour-sepanouir-en-tant-que-leader\/","name":"17 habitudes critiques pour s\u2019\u00e9panouir en tant que leader - Institut de Leadership","isPartOf":{"@id":"https:\/\/www.institutleadership.ca\/inscription\/#website"},"datePublished":"2021-02-17T17:30:26+00:00","dateModified":"2021-05-26T20:50:20+00:00","breadcrumb":{"@id":"https:\/\/www.institutleadership.ca\/inscription\/2021\/02\/17\/17-habitudes-critiques-pour-sepanouir-en-tant-que-leader\/#breadcrumb"},"inLanguage":"fr-CA","potentialAction":[{"@type":"ReadAction","target":["https:\/\/www.institutleadership.ca\/inscription\/2021\/02\/17\/17-habitudes-critiques-pour-sepanouir-en-tant-que-leader\/"]}]},{"@type":"BreadcrumbList","@id":"https:\/\/www.institutleadership.ca\/inscription\/2021\/02\/17\/17-habitudes-critiques-pour-sepanouir-en-tant-que-leader\/#breadcrumb","itemListElement":[{"@type":"ListItem","position":1,"name":"Accueil","item":"https:\/\/www.institutleadership.ca\/inscription\/"},{"@type":"ListItem","position":2,"name":"17 habitudes critiques pour s\u2019\u00e9panouir en tant que leader"}]},{"@type":"WebSite","@id":"https:\/\/www.institutleadership.ca\/inscription\/#website","url":"https:\/\/www.institutleadership.ca\/inscription\/","name":"Institut de leadership","description":"Formations pour cadres et dirigeants","publisher":{"@id":"https:\/\/www.institutleadership.ca\/inscription\/#organization"},"potentialAction":[{"@type":"SearchAction","target":{"@type":"EntryPoint","urlTemplate":"https:\/\/www.institutleadership.ca\/inscription\/?s={search_term_string}"},"query-input":"required name=search_term_string"}],"inLanguage":"fr-CA"},{"@type":"Organization","@id":"https:\/\/www.institutleadership.ca\/inscription\/#organization","name":"Institut de leadership","url":"https:\/\/www.institutleadership.ca\/inscription\/","logo":{"@type":"ImageObject","inLanguage":"fr-CA","@id":"https:\/\/www.institutleadership.ca\/inscription\/#\/schema\/logo\/image\/","url":"https:\/\/www.institutleadership.ca\/english\/wp-content\/uploads\/sites\/10\/2019\/11\/Logo_Officiel-2-1.jpg","contentUrl":"https:\/\/www.institutleadership.ca\/english\/wp-content\/uploads\/sites\/10\/2019\/11\/Logo_Officiel-2-1.jpg","width":2048,"height":1024,"caption":"Institut de leadership"},"image":{"@id":"https:\/\/www.institutleadership.ca\/inscription\/#\/schema\/logo\/image\/"},"sameAs":["https:\/\/www.facebook.com\/institutleadership\/","https:\/\/www.linkedin.com\/school\/5305840"]},{"@type":"Person","@id":"https:\/\/www.institutleadership.ca\/inscription\/#\/schema\/person\/b94edb4241f6fd455779c2ac9ae65181","name":"Institut de leadership","image":{"@type":"ImageObject","inLanguage":"fr-CA","@id":"https:\/\/www.institutleadership.ca\/inscription\/#\/schema\/person\/image\/","url":"https:\/\/secure.gravatar.com\/avatar\/0765876946a03d2f94bded42523f50f9?s=96&d=mm&r=g","contentUrl":"https:\/\/secure.gravatar.com\/avatar\/0765876946a03d2f94bded42523f50f9?s=96&d=mm&r=g","caption":"Institut de leadership"},"sameAs":["http:\/\/institutleadership.ca"],"url":"https:\/\/www.institutleadership.ca\/inscription\/author\/institutlg\/"}]}},"_links":{"self":[{"href":"https:\/\/www.institutleadership.ca\/inscription\/wp-json\/wp\/v2\/posts\/13212"}],"collection":[{"href":"https:\/\/www.institutleadership.ca\/inscription\/wp-json\/wp\/v2\/posts"}],"about":[{"href":"https:\/\/www.institutleadership.ca\/inscription\/wp-json\/wp\/v2\/types\/post"}],"author":[{"embeddable":true,"href":"https:\/\/www.institutleadership.ca\/inscription\/wp-json\/wp\/v2\/users\/17"}],"replies":[{"embeddable":true,"href":"https:\/\/www.institutleadership.ca\/inscription\/wp-json\/wp\/v2\/comments?post=13212"}],"version-history":[{"count":9,"href":"https:\/\/www.institutleadership.ca\/inscription\/wp-json\/wp\/v2\/posts\/13212\/revisions"}],"predecessor-version":[{"id":13278,"href":"https:\/\/www.institutleadership.ca\/inscription\/wp-json\/wp\/v2\/posts\/13212\/revisions\/13278"}],"wp:featuredmedia":[{"embeddable":true,"href":"https:\/\/www.institutleadership.ca\/inscription\/wp-json\/wp\/v2\/media\/13213"}],"wp:attachment":[{"href":"https:\/\/www.institutleadership.ca\/inscription\/wp-json\/wp\/v2\/media?parent=13212"}],"wp:term":[{"taxonomy":"category","embeddable":true,"href":"https:\/\/www.institutleadership.ca\/inscription\/wp-json\/wp\/v2\/categories?post=13212"},{"taxonomy":"post_tag","embeddable":true,"href":"https:\/\/www.institutleadership.ca\/inscription\/wp-json\/wp\/v2\/tags?post=13212"}],"curies":[{"name":"wp","href":"https:\/\/api.w.org\/{rel}","templated":true}]}}