{"id":13226,"date":"2021-05-27T12:30:49","date_gmt":"2021-05-27T16:30:49","guid":{"rendered":"https:\/\/www.institutleadership.ca\/english\/?p=13226"},"modified":"2021-06-09T11:20:24","modified_gmt":"2021-06-09T15:20:24","slug":"entretien-leadership-et-service-public","status":"publish","type":"post","link":"https:\/\/www.institutleadership.ca\/inscription\/2021\/05\/27\/entretien-leadership-et-service-public\/","title":{"rendered":"Entretien : leadership et service public"},"content":{"rendered":"<div class=\"entry-content\">\n<div class=\"o9v6fnle cxmmr5t8 oygrvhab hcukyx3x c1et5uql ii04i59q\"><strong><span class=\"s1\">Jeudi 27 mai de 12h30 \u00e0 13h30<\/span><\/strong><\/div>\n<p class=\"p1\"><span class=\"s1\"><strong>Entretien : leadership et service public<\/strong> avec <a href=\"https:\/\/www.institutleadership.ca\/english\/our_team\/nancy-chahwan-sous-ministre-delegue-de-la-defense-nationale\/\">Nancy Chahwan<\/a><\/span> (sous-ministre d\u00e9l\u00e9gu\u00e9e principale de la D\u00e9fense nationale)<\/p>\n<p class=\"p1\">Lien de rediffusion :\u00a0<a href=\"https:\/\/us02web.zoom.us\/rec\/share\/nzXjnRlJLyHbI5Eg33E3iTdE56NNvoKo6AgrvfL5KhKlXfNv7Yj4-y1ySwVhOrN2.6cwXsAXNM-F7D3tC?startTime=1622133033000\">ICI.<\/a><\/p>\n<p class=\"p1\"><span class=\"s1\">Pour d\u00e9couvrir les programmes et certifications de l\u2019Institut de leadership, cliquez\u00a0<a href=\"https:\/\/www.institutleadership.ca\/english\/\">ICI.<\/a><\/span><\/p>\n<div dir=\"auto\"><\/div>\n<\/div>\n<div class=\"entry-tag-share\">\n<div class=\"row\">\n<div class=\"col-sm-6\"><\/div>\n<div class=\"col-sm-6\"><\/div>\n<\/div>\n<\/div>\n","protected":false},"excerpt":{"rendered":"<p>Jeudi 27 mai de 12h30 \u00e0 13h30 Entretien : leadership et service public avec Nancy Chahwan (sous-ministre d\u00e9l\u00e9gu\u00e9e principale de la D\u00e9fense nationale) Lien de rediffusion :\u00a0ICI. Pour d\u00e9couvrir les programmes et certifications de l\u2019Institut de leadership, cliquez\u00a0ICI.<\/p>\n","protected":false},"author":17,"featured_media":13269,"comment_status":"open","ping_status":"open","sticky":false,"template":"","format":"standard","meta":{"content-type":"","om_disable_all_campaigns":false},"categories":[102],"tags":[],"yoast_head":"<!-- This site is optimized with the Yoast SEO plugin v20.6 - https:\/\/yoast.com\/wordpress\/plugins\/seo\/ -->\n<title>Entretien : leadership et service public - Institut de Leadership<\/title>\n<meta name=\"robots\" content=\"index, follow, max-snippet:-1, max-image-preview:large, max-video-preview:-1\" \/>\n<link rel=\"canonical\" href=\"https:\/\/www.institutleadership.ca\/inscription\/2021\/05\/27\/entretien-leadership-et-service-public\/\" \/>\n<meta property=\"og:locale\" content=\"fr_CA\" \/>\n<meta property=\"og:type\" content=\"article\" \/>\n<meta property=\"og:title\" content=\"Entretien : leadership et service public - Institut de Leadership\" \/>\n<meta property=\"og:description\" content=\"Jeudi 27 mai de 12h30 \u00e0 13h30 Entretien : leadership et service public avec Nancy Chahwan (sous-ministre d\u00e9l\u00e9gu\u00e9e principale de la D\u00e9fense nationale) Lien de rediffusion :\u00a0ICI. Pour d\u00e9couvrir les programmes et certifications de l\u2019Institut de leadership, cliquez\u00a0ICI.\" \/>\n<meta property=\"og:url\" content=\"https:\/\/www.institutleadership.ca\/inscription\/2021\/05\/27\/entretien-leadership-et-service-public\/\" \/>\n<meta property=\"og:site_name\" content=\"Institut de Leadership\" \/>\n<meta property=\"article:publisher\" content=\"https:\/\/www.facebook.com\/institutleadership\/\" \/>\n<meta property=\"article:published_time\" content=\"2021-05-27T16:30:49+00:00\" \/>\n<meta property=\"article:modified_time\" content=\"2021-06-09T15:20:24+00:00\" \/>\n<meta property=\"og:image\" content=\"https:\/\/www.institutleadership.ca\/inscription\/wp-content\/uploads\/sites\/10\/2021\/04\/27-mai.png\" \/>\n\t<meta property=\"og:image:width\" content=\"1728\" \/>\n\t<meta property=\"og:image:height\" content=\"2304\" \/>\n\t<meta property=\"og:image:type\" content=\"image\/png\" \/>\n<meta name=\"author\" content=\"Institut de leadership\" \/>\n<meta name=\"twitter:card\" content=\"summary_large_image\" \/>\n<meta name=\"twitter:label1\" content=\"\u00c9crit par\" \/>\n\t<meta name=\"twitter:data1\" content=\"Institut de leadership\" \/>\n<script type=\"application\/ld+json\" class=\"yoast-schema-graph\">{\"@context\":\"https:\/\/schema.org\",\"@graph\":[{\"@type\":\"Article\",\"@id\":\"https:\/\/www.institutleadership.ca\/inscription\/2021\/05\/27\/entretien-leadership-et-service-public\/#article\",\"isPartOf\":{\"@id\":\"https:\/\/www.institutleadership.ca\/inscription\/2021\/05\/27\/entretien-leadership-et-service-public\/\"},\"author\":{\"name\":\"Institut de leadership\",\"@id\":\"https:\/\/www.institutleadership.ca\/inscription\/#\/schema\/person\/b94edb4241f6fd455779c2ac9ae65181\"},\"headline\":\"Entretien : leadership et service public\",\"datePublished\":\"2021-05-27T16:30:49+00:00\",\"dateModified\":\"2021-06-09T15:20:24+00:00\",\"mainEntityOfPage\":{\"@id\":\"https:\/\/www.institutleadership.ca\/inscription\/2021\/05\/27\/entretien-leadership-et-service-public\/\"},\"wordCount\":47,\"commentCount\":0,\"publisher\":{\"@id\":\"https:\/\/www.institutleadership.ca\/inscription\/#organization\"},\"articleSection\":[\"webinaires\"],\"inLanguage\":\"fr-CA\",\"potentialAction\":[{\"@type\":\"CommentAction\",\"name\":\"Comment\",\"target\":[\"https:\/\/www.institutleadership.ca\/inscription\/2021\/05\/27\/entretien-leadership-et-service-public\/#respond\"]}]},{\"@type\":\"WebPage\",\"@id\":\"https:\/\/www.institutleadership.ca\/inscription\/2021\/05\/27\/entretien-leadership-et-service-public\/\",\"url\":\"https:\/\/www.institutleadership.ca\/inscription\/2021\/05\/27\/entretien-leadership-et-service-public\/\",\"name\":\"Entretien : leadership et service public - Institut de Leadership\",\"isPartOf\":{\"@id\":\"https:\/\/www.institutleadership.ca\/inscription\/#website\"},\"datePublished\":\"2021-05-27T16:30:49+00:00\",\"dateModified\":\"2021-06-09T15:20:24+00:00\",\"breadcrumb\":{\"@id\":\"https:\/\/www.institutleadership.ca\/inscription\/2021\/05\/27\/entretien-leadership-et-service-public\/#breadcrumb\"},\"inLanguage\":\"fr-CA\",\"potentialAction\":[{\"@type\":\"ReadAction\",\"target\":[\"https:\/\/www.institutleadership.ca\/inscription\/2021\/05\/27\/entretien-leadership-et-service-public\/\"]}]},{\"@type\":\"BreadcrumbList\",\"@id\":\"https:\/\/www.institutleadership.ca\/inscription\/2021\/05\/27\/entretien-leadership-et-service-public\/#breadcrumb\",\"itemListElement\":[{\"@type\":\"ListItem\",\"position\":1,\"name\":\"Accueil\",\"item\":\"https:\/\/www.institutleadership.ca\/inscription\/\"},{\"@type\":\"ListItem\",\"position\":2,\"name\":\"Entretien : leadership et service public\"}]},{\"@type\":\"WebSite\",\"@id\":\"https:\/\/www.institutleadership.ca\/inscription\/#website\",\"url\":\"https:\/\/www.institutleadership.ca\/inscription\/\",\"name\":\"Institut de leadership\",\"description\":\"Formations pour cadres et dirigeants\",\"publisher\":{\"@id\":\"https:\/\/www.institutleadership.ca\/inscription\/#organization\"},\"potentialAction\":[{\"@type\":\"SearchAction\",\"target\":{\"@type\":\"EntryPoint\",\"urlTemplate\":\"https:\/\/www.institutleadership.ca\/inscription\/?s={search_term_string}\"},\"query-input\":\"required name=search_term_string\"}],\"inLanguage\":\"fr-CA\"},{\"@type\":\"Organization\",\"@id\":\"https:\/\/www.institutleadership.ca\/inscription\/#organization\",\"name\":\"Institut de leadership\",\"url\":\"https:\/\/www.institutleadership.ca\/inscription\/\",\"logo\":{\"@type\":\"ImageObject\",\"inLanguage\":\"fr-CA\",\"@id\":\"https:\/\/www.institutleadership.ca\/inscription\/#\/schema\/logo\/image\/\",\"url\":\"https:\/\/www.institutleadership.ca\/english\/wp-content\/uploads\/sites\/10\/2019\/11\/Logo_Officiel-2-1.jpg\",\"contentUrl\":\"https:\/\/www.institutleadership.ca\/english\/wp-content\/uploads\/sites\/10\/2019\/11\/Logo_Officiel-2-1.jpg\",\"width\":2048,\"height\":1024,\"caption\":\"Institut de leadership\"},\"image\":{\"@id\":\"https:\/\/www.institutleadership.ca\/inscription\/#\/schema\/logo\/image\/\"},\"sameAs\":[\"https:\/\/www.facebook.com\/institutleadership\/\",\"https:\/\/www.linkedin.com\/school\/5305840\"]},{\"@type\":\"Person\",\"@id\":\"https:\/\/www.institutleadership.ca\/inscription\/#\/schema\/person\/b94edb4241f6fd455779c2ac9ae65181\",\"name\":\"Institut de leadership\",\"image\":{\"@type\":\"ImageObject\",\"inLanguage\":\"fr-CA\",\"@id\":\"https:\/\/www.institutleadership.ca\/inscription\/#\/schema\/person\/image\/\",\"url\":\"https:\/\/secure.gravatar.com\/avatar\/0765876946a03d2f94bded42523f50f9?s=96&d=mm&r=g\",\"contentUrl\":\"https:\/\/secure.gravatar.com\/avatar\/0765876946a03d2f94bded42523f50f9?s=96&d=mm&r=g\",\"caption\":\"Institut de leadership\"},\"sameAs\":[\"http:\/\/institutleadership.ca\"],\"url\":\"https:\/\/www.institutleadership.ca\/inscription\/author\/institutlg\/\"}]}<\/script>\n<!-- \/ Yoast SEO plugin. -->","yoast_head_json":{"title":"Entretien : leadership et service public - Institut de Leadership","robots":{"index":"index","follow":"follow","max-snippet":"max-snippet:-1","max-image-preview":"max-image-preview:large","max-video-preview":"max-video-preview:-1"},"canonical":"https:\/\/www.institutleadership.ca\/inscription\/2021\/05\/27\/entretien-leadership-et-service-public\/","og_locale":"fr_CA","og_type":"article","og_title":"Entretien : leadership et service public - Institut de Leadership","og_description":"Jeudi 27 mai de 12h30 \u00e0 13h30 Entretien : leadership et service public avec Nancy Chahwan (sous-ministre d\u00e9l\u00e9gu\u00e9e principale de la D\u00e9fense nationale) Lien de rediffusion :\u00a0ICI. Pour d\u00e9couvrir les programmes et certifications de l\u2019Institut de leadership, cliquez\u00a0ICI.","og_url":"https:\/\/www.institutleadership.ca\/inscription\/2021\/05\/27\/entretien-leadership-et-service-public\/","og_site_name":"Institut de Leadership","article_publisher":"https:\/\/www.facebook.com\/institutleadership\/","article_published_time":"2021-05-27T16:30:49+00:00","article_modified_time":"2021-06-09T15:20:24+00:00","og_image":[{"width":1728,"height":2304,"url":"https:\/\/www.institutleadership.ca\/inscription\/wp-content\/uploads\/sites\/10\/2021\/04\/27-mai.png","type":"image\/png"}],"author":"Institut de leadership","twitter_card":"summary_large_image","twitter_misc":{"\u00c9crit par":"Institut de leadership"},"schema":{"@context":"https:\/\/schema.org","@graph":[{"@type":"Article","@id":"https:\/\/www.institutleadership.ca\/inscription\/2021\/05\/27\/entretien-leadership-et-service-public\/#article","isPartOf":{"@id":"https:\/\/www.institutleadership.ca\/inscription\/2021\/05\/27\/entretien-leadership-et-service-public\/"},"author":{"name":"Institut de leadership","@id":"https:\/\/www.institutleadership.ca\/inscription\/#\/schema\/person\/b94edb4241f6fd455779c2ac9ae65181"},"headline":"Entretien : leadership et service public","datePublished":"2021-05-27T16:30:49+00:00","dateModified":"2021-06-09T15:20:24+00:00","mainEntityOfPage":{"@id":"https:\/\/www.institutleadership.ca\/inscription\/2021\/05\/27\/entretien-leadership-et-service-public\/"},"wordCount":47,"commentCount":0,"publisher":{"@id":"https:\/\/www.institutleadership.ca\/inscription\/#organization"},"articleSection":["webinaires"],"inLanguage":"fr-CA","potentialAction":[{"@type":"CommentAction","name":"Comment","target":["https:\/\/www.institutleadership.ca\/inscription\/2021\/05\/27\/entretien-leadership-et-service-public\/#respond"]}]},{"@type":"WebPage","@id":"https:\/\/www.institutleadership.ca\/inscription\/2021\/05\/27\/entretien-leadership-et-service-public\/","url":"https:\/\/www.institutleadership.ca\/inscription\/2021\/05\/27\/entretien-leadership-et-service-public\/","name":"Entretien : leadership et service public - Institut de Leadership","isPartOf":{"@id":"https:\/\/www.institutleadership.ca\/inscription\/#website"},"datePublished":"2021-05-27T16:30:49+00:00","dateModified":"2021-06-09T15:20:24+00:00","breadcrumb":{"@id":"https:\/\/www.institutleadership.ca\/inscription\/2021\/05\/27\/entretien-leadership-et-service-public\/#breadcrumb"},"inLanguage":"fr-CA","potentialAction":[{"@type":"ReadAction","target":["https:\/\/www.institutleadership.ca\/inscription\/2021\/05\/27\/entretien-leadership-et-service-public\/"]}]},{"@type":"BreadcrumbList","@id":"https:\/\/www.institutleadership.ca\/inscription\/2021\/05\/27\/entretien-leadership-et-service-public\/#breadcrumb","itemListElement":[{"@type":"ListItem","position":1,"name":"Accueil","item":"https:\/\/www.institutleadership.ca\/inscription\/"},{"@type":"ListItem","position":2,"name":"Entretien : leadership et service public"}]},{"@type":"WebSite","@id":"https:\/\/www.institutleadership.ca\/inscription\/#website","url":"https:\/\/www.institutleadership.ca\/inscription\/","name":"Institut de leadership","description":"Formations pour cadres et dirigeants","publisher":{"@id":"https:\/\/www.institutleadership.ca\/inscription\/#organization"},"potentialAction":[{"@type":"SearchAction","target":{"@type":"EntryPoint","urlTemplate":"https:\/\/www.institutleadership.ca\/inscription\/?s={search_term_string}"},"query-input":"required name=search_term_string"}],"inLanguage":"fr-CA"},{"@type":"Organization","@id":"https:\/\/www.institutleadership.ca\/inscription\/#organization","name":"Institut de leadership","url":"https:\/\/www.institutleadership.ca\/inscription\/","logo":{"@type":"ImageObject","inLanguage":"fr-CA","@id":"https:\/\/www.institutleadership.ca\/inscription\/#\/schema\/logo\/image\/","url":"https:\/\/www.institutleadership.ca\/english\/wp-content\/uploads\/sites\/10\/2019\/11\/Logo_Officiel-2-1.jpg","contentUrl":"https:\/\/www.institutleadership.ca\/english\/wp-content\/uploads\/sites\/10\/2019\/11\/Logo_Officiel-2-1.jpg","width":2048,"height":1024,"caption":"Institut de leadership"},"image":{"@id":"https:\/\/www.institutleadership.ca\/inscription\/#\/schema\/logo\/image\/"},"sameAs":["https:\/\/www.facebook.com\/institutleadership\/","https:\/\/www.linkedin.com\/school\/5305840"]},{"@type":"Person","@id":"https:\/\/www.institutleadership.ca\/inscription\/#\/schema\/person\/b94edb4241f6fd455779c2ac9ae65181","name":"Institut de leadership","image":{"@type":"ImageObject","inLanguage":"fr-CA","@id":"https:\/\/www.institutleadership.ca\/inscription\/#\/schema\/person\/image\/","url":"https:\/\/secure.gravatar.com\/avatar\/0765876946a03d2f94bded42523f50f9?s=96&d=mm&r=g","contentUrl":"https:\/\/secure.gravatar.com\/avatar\/0765876946a03d2f94bded42523f50f9?s=96&d=mm&r=g","caption":"Institut de leadership"},"sameAs":["http:\/\/institutleadership.ca"],"url":"https:\/\/www.institutleadership.ca\/inscription\/author\/institutlg\/"}]}},"_links":{"self":[{"href":"https:\/\/www.institutleadership.ca\/inscription\/wp-json\/wp\/v2\/posts\/13226"}],"collection":[{"href":"https:\/\/www.institutleadership.ca\/inscription\/wp-json\/wp\/v2\/posts"}],"about":[{"href":"https:\/\/www.institutleadership.ca\/inscription\/wp-json\/wp\/v2\/types\/post"}],"author":[{"embeddable":true,"href":"https:\/\/www.institutleadership.ca\/inscription\/wp-json\/wp\/v2\/users\/17"}],"replies":[{"embeddable":true,"href":"https:\/\/www.institutleadership.ca\/inscription\/wp-json\/wp\/v2\/comments?post=13226"}],"version-history":[{"count":4,"href":"https:\/\/www.institutleadership.ca\/inscription\/wp-json\/wp\/v2\/posts\/13226\/revisions"}],"predecessor-version":[{"id":13300,"href":"https:\/\/www.institutleadership.ca\/inscription\/wp-json\/wp\/v2\/posts\/13226\/revisions\/13300"}],"wp:featuredmedia":[{"embeddable":true,"href":"https:\/\/www.institutleadership.ca\/inscription\/wp-json\/wp\/v2\/media\/13269"}],"wp:attachment":[{"href":"https:\/\/www.institutleadership.ca\/inscription\/wp-json\/wp\/v2\/media?parent=13226"}],"wp:term":[{"taxonomy":"category","embeddable":true,"href":"https:\/\/www.institutleadership.ca\/inscription\/wp-json\/wp\/v2\/categories?post=13226"},{"taxonomy":"post_tag","embeddable":true,"href":"https:\/\/www.institutleadership.ca\/inscription\/wp-json\/wp\/v2\/tags?post=13226"}],"curies":[{"name":"wp","href":"https:\/\/api.w.org\/{rel}","templated":true}]}}