{"id":13292,"date":"2021-06-07T12:30:30","date_gmt":"2021-06-07T16:30:30","guid":{"rendered":"https:\/\/www.institutleadership.ca\/english\/?p=13292"},"modified":"2021-06-09T11:49:03","modified_gmt":"2021-06-09T15:49:03","slug":"la-strategie-au-coeur-de-la-croissance-des-organisations","status":"publish","type":"post","link":"https:\/\/www.institutleadership.ca\/inscription\/2021\/06\/07\/la-strategie-au-coeur-de-la-croissance-des-organisations\/","title":{"rendered":"La strat\u00e9gie au c\u0153ur de la croissance des organisations"},"content":{"rendered":"<div class=\"o9v6fnle cxmmr5t8 oygrvhab hcukyx3x c1et5uql ii04i59q\"><strong><span class=\"s1\">Lundi 7 juin de 12h30 \u00e0 13h30<\/span><\/strong><\/div>\n<p class=\"p1\"><strong><span class=\"s1\">La strat\u00e9gie au c\u0153ur de la croissance des organisations\u00a0<\/span><\/strong><span class=\"s1\">avec <a href=\"https:\/\/www.institutleadership.ca\/english\/our_team\/monique-leroux\/\"><strong>Monique Leroux<\/strong><\/a> (pr\u00e9sidente du Conseil sur la strat\u00e9gie industrielle du Canada et Vice-pr\u00e9sidente du Conseil de Gestion Fiera)<\/span><\/p>\n<p class=\"p1\">Lien de rediffusion : <a href=\"https:\/\/us02web.zoom.us\/rec\/share\/e4nkgYT6QtWQmc9qqUokHOo4a4ybRaX2kXY_Exh9i2kpYRoE9Pah7_uDa3yhLIYw.djiccmkAts2zqWIb?startTime=1623083493000\">ICI.<\/a><\/p>\n<p class=\"p1\"><span class=\"s1\">Pour d\u00e9couvrir les programmes et certifications de l\u2019Institut de leadership, cliquez\u00a0<a href=\"https:\/\/www.institutleadership.ca\/english\/\">ICI.<\/a><\/span><\/p>\n","protected":false},"excerpt":{"rendered":"<p>Lundi 7 juin de 12h30 \u00e0 13h30 La strat\u00e9gie au c\u0153ur de la croissance des organisations\u00a0avec Monique Leroux (pr\u00e9sidente du Conseil sur la strat\u00e9gie industrielle du Canada et Vice-pr\u00e9sidente du Conseil de Gestion Fiera) Lien de rediffusion : ICI. Pour &hellip; <\/p>\n","protected":false},"author":17,"featured_media":13295,"comment_status":"open","ping_status":"open","sticky":false,"template":"","format":"standard","meta":{"content-type":"","om_disable_all_campaigns":false},"categories":[102],"tags":[],"yoast_head":"<!-- This site is optimized with the Yoast SEO plugin v20.6 - https:\/\/yoast.com\/wordpress\/plugins\/seo\/ -->\n<title>La strat\u00e9gie au c\u0153ur de la croissance des organisations - Institut de Leadership<\/title>\n<meta name=\"robots\" content=\"index, follow, max-snippet:-1, max-image-preview:large, max-video-preview:-1\" \/>\n<link rel=\"canonical\" href=\"https:\/\/www.institutleadership.ca\/inscription\/2021\/06\/07\/la-strategie-au-coeur-de-la-croissance-des-organisations\/\" \/>\n<meta property=\"og:locale\" content=\"fr_CA\" \/>\n<meta property=\"og:type\" content=\"article\" \/>\n<meta property=\"og:title\" content=\"La strat\u00e9gie au c\u0153ur de la croissance des organisations - Institut de Leadership\" \/>\n<meta property=\"og:description\" content=\"Lundi 7 juin de 12h30 \u00e0 13h30 La strat\u00e9gie au c\u0153ur de la croissance des organisations\u00a0avec Monique Leroux (pr\u00e9sidente du Conseil sur la strat\u00e9gie industrielle du Canada et Vice-pr\u00e9sidente du Conseil de Gestion Fiera) Lien de rediffusion : ICI. Pour &hellip;\" \/>\n<meta property=\"og:url\" content=\"https:\/\/www.institutleadership.ca\/inscription\/2021\/06\/07\/la-strategie-au-coeur-de-la-croissance-des-organisations\/\" \/>\n<meta property=\"og:site_name\" content=\"Institut de Leadership\" \/>\n<meta property=\"article:publisher\" content=\"https:\/\/www.facebook.com\/institutleadership\/\" \/>\n<meta property=\"article:published_time\" content=\"2021-06-07T16:30:30+00:00\" \/>\n<meta property=\"article:modified_time\" content=\"2021-06-09T15:49:03+00:00\" \/>\n<meta property=\"og:image\" content=\"https:\/\/www.institutleadership.ca\/inscription\/wp-content\/uploads\/sites\/10\/2021\/04\/Monique-Leroux.jpg\" \/>\n\t<meta property=\"og:image:width\" content=\"1536\" \/>\n\t<meta property=\"og:image:height\" content=\"2048\" \/>\n\t<meta property=\"og:image:type\" content=\"image\/jpeg\" \/>\n<meta name=\"author\" content=\"Institut de leadership\" \/>\n<meta name=\"twitter:card\" content=\"summary_large_image\" \/>\n<meta name=\"twitter:label1\" content=\"\u00c9crit par\" \/>\n\t<meta name=\"twitter:data1\" content=\"Institut de leadership\" \/>\n<script type=\"application\/ld+json\" class=\"yoast-schema-graph\">{\"@context\":\"https:\/\/schema.org\",\"@graph\":[{\"@type\":\"Article\",\"@id\":\"https:\/\/www.institutleadership.ca\/inscription\/2021\/06\/07\/la-strategie-au-coeur-de-la-croissance-des-organisations\/#article\",\"isPartOf\":{\"@id\":\"https:\/\/www.institutleadership.ca\/inscription\/2021\/06\/07\/la-strategie-au-coeur-de-la-croissance-des-organisations\/\"},\"author\":{\"name\":\"Institut de leadership\",\"@id\":\"https:\/\/www.institutleadership.ca\/inscription\/#\/schema\/person\/b94edb4241f6fd455779c2ac9ae65181\"},\"headline\":\"La strat\u00e9gie au c\u0153ur de la croissance des organisations\",\"datePublished\":\"2021-06-07T16:30:30+00:00\",\"dateModified\":\"2021-06-09T15:49:03+00:00\",\"mainEntityOfPage\":{\"@id\":\"https:\/\/www.institutleadership.ca\/inscription\/2021\/06\/07\/la-strategie-au-coeur-de-la-croissance-des-organisations\/\"},\"wordCount\":67,\"commentCount\":0,\"publisher\":{\"@id\":\"https:\/\/www.institutleadership.ca\/inscription\/#organization\"},\"articleSection\":[\"webinaires\"],\"inLanguage\":\"fr-CA\",\"potentialAction\":[{\"@type\":\"CommentAction\",\"name\":\"Comment\",\"target\":[\"https:\/\/www.institutleadership.ca\/inscription\/2021\/06\/07\/la-strategie-au-coeur-de-la-croissance-des-organisations\/#respond\"]}]},{\"@type\":\"WebPage\",\"@id\":\"https:\/\/www.institutleadership.ca\/inscription\/2021\/06\/07\/la-strategie-au-coeur-de-la-croissance-des-organisations\/\",\"url\":\"https:\/\/www.institutleadership.ca\/inscription\/2021\/06\/07\/la-strategie-au-coeur-de-la-croissance-des-organisations\/\",\"name\":\"La strat\u00e9gie au c\u0153ur de la croissance des organisations - Institut de Leadership\",\"isPartOf\":{\"@id\":\"https:\/\/www.institutleadership.ca\/inscription\/#website\"},\"datePublished\":\"2021-06-07T16:30:30+00:00\",\"dateModified\":\"2021-06-09T15:49:03+00:00\",\"breadcrumb\":{\"@id\":\"https:\/\/www.institutleadership.ca\/inscription\/2021\/06\/07\/la-strategie-au-coeur-de-la-croissance-des-organisations\/#breadcrumb\"},\"inLanguage\":\"fr-CA\",\"potentialAction\":[{\"@type\":\"ReadAction\",\"target\":[\"https:\/\/www.institutleadership.ca\/inscription\/2021\/06\/07\/la-strategie-au-coeur-de-la-croissance-des-organisations\/\"]}]},{\"@type\":\"BreadcrumbList\",\"@id\":\"https:\/\/www.institutleadership.ca\/inscription\/2021\/06\/07\/la-strategie-au-coeur-de-la-croissance-des-organisations\/#breadcrumb\",\"itemListElement\":[{\"@type\":\"ListItem\",\"position\":1,\"name\":\"Accueil\",\"item\":\"https:\/\/www.institutleadership.ca\/inscription\/\"},{\"@type\":\"ListItem\",\"position\":2,\"name\":\"La strat\u00e9gie au c\u0153ur de la croissance des organisations\"}]},{\"@type\":\"WebSite\",\"@id\":\"https:\/\/www.institutleadership.ca\/inscription\/#website\",\"url\":\"https:\/\/www.institutleadership.ca\/inscription\/\",\"name\":\"Institut de leadership\",\"description\":\"Formations pour cadres et dirigeants\",\"publisher\":{\"@id\":\"https:\/\/www.institutleadership.ca\/inscription\/#organization\"},\"potentialAction\":[{\"@type\":\"SearchAction\",\"target\":{\"@type\":\"EntryPoint\",\"urlTemplate\":\"https:\/\/www.institutleadership.ca\/inscription\/?s={search_term_string}\"},\"query-input\":\"required name=search_term_string\"}],\"inLanguage\":\"fr-CA\"},{\"@type\":\"Organization\",\"@id\":\"https:\/\/www.institutleadership.ca\/inscription\/#organization\",\"name\":\"Institut de leadership\",\"url\":\"https:\/\/www.institutleadership.ca\/inscription\/\",\"logo\":{\"@type\":\"ImageObject\",\"inLanguage\":\"fr-CA\",\"@id\":\"https:\/\/www.institutleadership.ca\/inscription\/#\/schema\/logo\/image\/\",\"url\":\"https:\/\/www.institutleadership.ca\/english\/wp-content\/uploads\/sites\/10\/2019\/11\/Logo_Officiel-2-1.jpg\",\"contentUrl\":\"https:\/\/www.institutleadership.ca\/english\/wp-content\/uploads\/sites\/10\/2019\/11\/Logo_Officiel-2-1.jpg\",\"width\":2048,\"height\":1024,\"caption\":\"Institut de leadership\"},\"image\":{\"@id\":\"https:\/\/www.institutleadership.ca\/inscription\/#\/schema\/logo\/image\/\"},\"sameAs\":[\"https:\/\/www.facebook.com\/institutleadership\/\",\"https:\/\/www.linkedin.com\/school\/5305840\"]},{\"@type\":\"Person\",\"@id\":\"https:\/\/www.institutleadership.ca\/inscription\/#\/schema\/person\/b94edb4241f6fd455779c2ac9ae65181\",\"name\":\"Institut de leadership\",\"image\":{\"@type\":\"ImageObject\",\"inLanguage\":\"fr-CA\",\"@id\":\"https:\/\/www.institutleadership.ca\/inscription\/#\/schema\/person\/image\/\",\"url\":\"https:\/\/secure.gravatar.com\/avatar\/0765876946a03d2f94bded42523f50f9?s=96&d=mm&r=g\",\"contentUrl\":\"https:\/\/secure.gravatar.com\/avatar\/0765876946a03d2f94bded42523f50f9?s=96&d=mm&r=g\",\"caption\":\"Institut de leadership\"},\"sameAs\":[\"http:\/\/institutleadership.ca\"],\"url\":\"https:\/\/www.institutleadership.ca\/inscription\/author\/institutlg\/\"}]}<\/script>\n<!-- \/ Yoast SEO plugin. -->","yoast_head_json":{"title":"La strat\u00e9gie au c\u0153ur de la croissance des organisations - Institut de Leadership","robots":{"index":"index","follow":"follow","max-snippet":"max-snippet:-1","max-image-preview":"max-image-preview:large","max-video-preview":"max-video-preview:-1"},"canonical":"https:\/\/www.institutleadership.ca\/inscription\/2021\/06\/07\/la-strategie-au-coeur-de-la-croissance-des-organisations\/","og_locale":"fr_CA","og_type":"article","og_title":"La strat\u00e9gie au c\u0153ur de la croissance des organisations - Institut de Leadership","og_description":"Lundi 7 juin de 12h30 \u00e0 13h30 La strat\u00e9gie au c\u0153ur de la croissance des organisations\u00a0avec Monique Leroux (pr\u00e9sidente du Conseil sur la strat\u00e9gie industrielle du Canada et Vice-pr\u00e9sidente du Conseil de Gestion Fiera) Lien de rediffusion : ICI. Pour &hellip;","og_url":"https:\/\/www.institutleadership.ca\/inscription\/2021\/06\/07\/la-strategie-au-coeur-de-la-croissance-des-organisations\/","og_site_name":"Institut de Leadership","article_publisher":"https:\/\/www.facebook.com\/institutleadership\/","article_published_time":"2021-06-07T16:30:30+00:00","article_modified_time":"2021-06-09T15:49:03+00:00","og_image":[{"width":1536,"height":2048,"url":"https:\/\/www.institutleadership.ca\/inscription\/wp-content\/uploads\/sites\/10\/2021\/04\/Monique-Leroux.jpg","type":"image\/jpeg"}],"author":"Institut de leadership","twitter_card":"summary_large_image","twitter_misc":{"\u00c9crit par":"Institut de leadership"},"schema":{"@context":"https:\/\/schema.org","@graph":[{"@type":"Article","@id":"https:\/\/www.institutleadership.ca\/inscription\/2021\/06\/07\/la-strategie-au-coeur-de-la-croissance-des-organisations\/#article","isPartOf":{"@id":"https:\/\/www.institutleadership.ca\/inscription\/2021\/06\/07\/la-strategie-au-coeur-de-la-croissance-des-organisations\/"},"author":{"name":"Institut de leadership","@id":"https:\/\/www.institutleadership.ca\/inscription\/#\/schema\/person\/b94edb4241f6fd455779c2ac9ae65181"},"headline":"La strat\u00e9gie au c\u0153ur de la croissance des organisations","datePublished":"2021-06-07T16:30:30+00:00","dateModified":"2021-06-09T15:49:03+00:00","mainEntityOfPage":{"@id":"https:\/\/www.institutleadership.ca\/inscription\/2021\/06\/07\/la-strategie-au-coeur-de-la-croissance-des-organisations\/"},"wordCount":67,"commentCount":0,"publisher":{"@id":"https:\/\/www.institutleadership.ca\/inscription\/#organization"},"articleSection":["webinaires"],"inLanguage":"fr-CA","potentialAction":[{"@type":"CommentAction","name":"Comment","target":["https:\/\/www.institutleadership.ca\/inscription\/2021\/06\/07\/la-strategie-au-coeur-de-la-croissance-des-organisations\/#respond"]}]},{"@type":"WebPage","@id":"https:\/\/www.institutleadership.ca\/inscription\/2021\/06\/07\/la-strategie-au-coeur-de-la-croissance-des-organisations\/","url":"https:\/\/www.institutleadership.ca\/inscription\/2021\/06\/07\/la-strategie-au-coeur-de-la-croissance-des-organisations\/","name":"La strat\u00e9gie au c\u0153ur de la croissance des organisations - Institut de Leadership","isPartOf":{"@id":"https:\/\/www.institutleadership.ca\/inscription\/#website"},"datePublished":"2021-06-07T16:30:30+00:00","dateModified":"2021-06-09T15:49:03+00:00","breadcrumb":{"@id":"https:\/\/www.institutleadership.ca\/inscription\/2021\/06\/07\/la-strategie-au-coeur-de-la-croissance-des-organisations\/#breadcrumb"},"inLanguage":"fr-CA","potentialAction":[{"@type":"ReadAction","target":["https:\/\/www.institutleadership.ca\/inscription\/2021\/06\/07\/la-strategie-au-coeur-de-la-croissance-des-organisations\/"]}]},{"@type":"BreadcrumbList","@id":"https:\/\/www.institutleadership.ca\/inscription\/2021\/06\/07\/la-strategie-au-coeur-de-la-croissance-des-organisations\/#breadcrumb","itemListElement":[{"@type":"ListItem","position":1,"name":"Accueil","item":"https:\/\/www.institutleadership.ca\/inscription\/"},{"@type":"ListItem","position":2,"name":"La strat\u00e9gie au c\u0153ur de la croissance des organisations"}]},{"@type":"WebSite","@id":"https:\/\/www.institutleadership.ca\/inscription\/#website","url":"https:\/\/www.institutleadership.ca\/inscription\/","name":"Institut de leadership","description":"Formations pour cadres et dirigeants","publisher":{"@id":"https:\/\/www.institutleadership.ca\/inscription\/#organization"},"potentialAction":[{"@type":"SearchAction","target":{"@type":"EntryPoint","urlTemplate":"https:\/\/www.institutleadership.ca\/inscription\/?s={search_term_string}"},"query-input":"required name=search_term_string"}],"inLanguage":"fr-CA"},{"@type":"Organization","@id":"https:\/\/www.institutleadership.ca\/inscription\/#organization","name":"Institut de leadership","url":"https:\/\/www.institutleadership.ca\/inscription\/","logo":{"@type":"ImageObject","inLanguage":"fr-CA","@id":"https:\/\/www.institutleadership.ca\/inscription\/#\/schema\/logo\/image\/","url":"https:\/\/www.institutleadership.ca\/english\/wp-content\/uploads\/sites\/10\/2019\/11\/Logo_Officiel-2-1.jpg","contentUrl":"https:\/\/www.institutleadership.ca\/english\/wp-content\/uploads\/sites\/10\/2019\/11\/Logo_Officiel-2-1.jpg","width":2048,"height":1024,"caption":"Institut de leadership"},"image":{"@id":"https:\/\/www.institutleadership.ca\/inscription\/#\/schema\/logo\/image\/"},"sameAs":["https:\/\/www.facebook.com\/institutleadership\/","https:\/\/www.linkedin.com\/school\/5305840"]},{"@type":"Person","@id":"https:\/\/www.institutleadership.ca\/inscription\/#\/schema\/person\/b94edb4241f6fd455779c2ac9ae65181","name":"Institut de leadership","image":{"@type":"ImageObject","inLanguage":"fr-CA","@id":"https:\/\/www.institutleadership.ca\/inscription\/#\/schema\/person\/image\/","url":"https:\/\/secure.gravatar.com\/avatar\/0765876946a03d2f94bded42523f50f9?s=96&d=mm&r=g","contentUrl":"https:\/\/secure.gravatar.com\/avatar\/0765876946a03d2f94bded42523f50f9?s=96&d=mm&r=g","caption":"Institut de leadership"},"sameAs":["http:\/\/institutleadership.ca"],"url":"https:\/\/www.institutleadership.ca\/inscription\/author\/institutlg\/"}]}},"_links":{"self":[{"href":"https:\/\/www.institutleadership.ca\/inscription\/wp-json\/wp\/v2\/posts\/13292"}],"collection":[{"href":"https:\/\/www.institutleadership.ca\/inscription\/wp-json\/wp\/v2\/posts"}],"about":[{"href":"https:\/\/www.institutleadership.ca\/inscription\/wp-json\/wp\/v2\/types\/post"}],"author":[{"embeddable":true,"href":"https:\/\/www.institutleadership.ca\/inscription\/wp-json\/wp\/v2\/users\/17"}],"replies":[{"embeddable":true,"href":"https:\/\/www.institutleadership.ca\/inscription\/wp-json\/wp\/v2\/comments?post=13292"}],"version-history":[{"count":5,"href":"https:\/\/www.institutleadership.ca\/inscription\/wp-json\/wp\/v2\/posts\/13292\/revisions"}],"predecessor-version":[{"id":13319,"href":"https:\/\/www.institutleadership.ca\/inscription\/wp-json\/wp\/v2\/posts\/13292\/revisions\/13319"}],"wp:featuredmedia":[{"embeddable":true,"href":"https:\/\/www.institutleadership.ca\/inscription\/wp-json\/wp\/v2\/media\/13295"}],"wp:attachment":[{"href":"https:\/\/www.institutleadership.ca\/inscription\/wp-json\/wp\/v2\/media?parent=13292"}],"wp:term":[{"taxonomy":"category","embeddable":true,"href":"https:\/\/www.institutleadership.ca\/inscription\/wp-json\/wp\/v2\/categories?post=13292"},{"taxonomy":"post_tag","embeddable":true,"href":"https:\/\/www.institutleadership.ca\/inscription\/wp-json\/wp\/v2\/tags?post=13292"}],"curies":[{"name":"wp","href":"https:\/\/api.w.org\/{rel}","templated":true}]}}