{"id":9166,"date":"2020-03-01T04:07:32","date_gmt":"2020-03-01T09:07:32","guid":{"rendered":"http:\/\/wearejack.ca\/institut-leadership\/?p=9166"},"modified":"2020-04-03T13:37:36","modified_gmt":"2020-04-03T17:37:36","slug":"partager-son-plan-daffaires-avec-son-equipe","status":"publish","type":"post","link":"https:\/\/www.institutleadership.ca\/inscription\/2020\/03\/01\/partager-son-plan-daffaires-avec-son-equipe\/","title":{"rendered":"Partager son plan d\u2019affaires avec son \u00e9quipe"},"content":{"rendered":"<p><strong>\u00c9crit par Martin Thibault, Pr\u00e9sident d\u2019Absolunet et intervenant \u00e0 l\u2019Institut de leadership en gestion<\/strong><\/p>\n<p>Je rencontre r\u00e9guli\u00e8rement des entrepreneurs et je m\u2019\u00e9tonne toujours du nombre an\u00e9mique de ceux-ci qui poss\u00e8dent un plan d\u2019affaires \u00e9crit. \u00c9videmment, pratiquement tous les entrepreneurs ont un plan en t\u00eate. Ils connaissent leur entreprise, le march\u00e9 dans lequel ils \u00e9voluent, mais tout r\u00e9side dans leur t\u00eate. Cette situation appara\u00eet tout \u00e0 fait dysfonctionnelle et tr\u00e8s risqu\u00e9e. Et l\u00e0, je ne parle pas seulement d\u2019un risque de d\u00e9c\u00e8s et les impacts sur la p\u00e9rennit\u00e9 de l\u2019entreprise.<\/p>\n<p>Peu importe la forme, je crois fermement que d\u2019\u00e9crire son plan d\u2019affaires nous permet de mettre de l\u2019ordre dans nos id\u00e9es, de s\u2019y r\u00e9f\u00e9rer et de l\u2019am\u00e9liorer continuellement. \u00c7a nous donne \u00e9galement un portrait \u00e0 un moment pr\u00e9cis et faire \u00e9voluer ce plan d\u2019affaires dans le temps nous racontera l\u2019histoire de l\u2019entreprise, son \u00e9volution. Pour ma part, je suis un fan fini du \u00ab One-Page Strategic Plan \u00bb de Verne Harnish. On parle d\u2019un plan d\u2019affaires qui se r\u00e9sume sur 2 pages de format lettre coll\u00e9es ensembles qui donne un regard rapide sur notre entreprise, sur nos d\u00e9fis, sur ce que nous devons travailler, sur nos chiffres importants.<\/p>\n<p>\u00c9crire son plan d\u2019affaires, c\u2019est bien. Le partager, c\u2019est mieux. Naturellement, un entrepreneur partage habituellement son plan d\u2019affaires \u00e9crit avec son \u00e9quipe de management. \u00c9videmment, il y a plein d\u2019avantages \u00e0 ce partage comme : se faire \u00ab challenger \u00bb, am\u00e9liorer la compr\u00e9hension des dirigeants sur les enjeux importants et sur l\u2019alignement que prendra l\u2019organisation, de meilleures prises de d\u00e9cisions au quotidien des dirigeants.<\/p>\n<p>Pourquoi ne pas aller une \u00e9tape plus loin? Qu\u2019en est-il du reste de l\u2019\u00e9quipe? Plus la bonne information circule dans l\u2019organisation, plus chaque individu prendra de meilleures d\u00e9cisions quotidiennement. Partagez votre vision, votre mission, vos valeurs, vos indicateurs financiers, vos objectifs \u00e0 moyens et courts termes,\u2026 Tous les employ\u00e9s comprendront mieux chacune de vos d\u00e9cisions et pourront aussi participer \u00e0 l\u2019am\u00e9lioration de votre plan d\u2019affaires et \u00e0 vos succ\u00e8s corporatifs.<\/p>\n<p>J\u2019ai mis au d\u00e9fi plusieurs entrepreneurs de faire un plan d\u2019affaires sur une page. Peu l\u2019ont r\u00e9ussi. Il faut bien ma\u00eetriser son entreprise et son march\u00e9 pour y arriver. C\u2019est donc \u00e9tonnant de constater que des entrepreneurs obtiennent du succ\u00e8s sans ce plan concret. Imaginez ce qu\u2019ils pourraient accomplir avec un vrai plan \u00e9crit et partag\u00e9.<\/p>\n","protected":false},"excerpt":{"rendered":"<p>\u00c9crit par Martin Thibault, Pr\u00e9sident d\u2019Absolunet et intervenant \u00e0 l\u2019Institut de leadership en gestion Je rencontre r\u00e9guli\u00e8rement des entrepreneurs et je m\u2019\u00e9tonne toujours du nombre an\u00e9mique de ceux-ci qui poss\u00e8dent un plan d\u2019affaires \u00e9crit. \u00c9videmment, pratiquement tous les entrepreneurs ont &hellip; <\/p>\n","protected":false},"author":1,"featured_media":9167,"comment_status":"open","ping_status":"open","sticky":false,"template":"","format":"standard","meta":{"content-type":"","om_disable_all_campaigns":false},"categories":[32],"tags":[],"yoast_head":"<!-- This site is optimized with the Yoast SEO plugin v20.6 - https:\/\/yoast.com\/wordpress\/plugins\/seo\/ -->\n<title>Partager son plan d\u2019affaires avec son \u00e9quipe - Institut de Leadership<\/title>\n<meta name=\"robots\" content=\"index, follow, max-snippet:-1, max-image-preview:large, max-video-preview:-1\" \/>\n<link rel=\"canonical\" href=\"https:\/\/www.institutleadership.ca\/inscription\/2020\/03\/01\/partager-son-plan-daffaires-avec-son-equipe\/\" \/>\n<meta property=\"og:locale\" content=\"fr_CA\" \/>\n<meta property=\"og:type\" content=\"article\" \/>\n<meta property=\"og:title\" content=\"Partager son plan d\u2019affaires avec son \u00e9quipe - Institut de Leadership\" \/>\n<meta property=\"og:description\" content=\"\u00c9crit par Martin Thibault, Pr\u00e9sident d\u2019Absolunet et intervenant \u00e0 l\u2019Institut de leadership en gestion Je rencontre r\u00e9guli\u00e8rement des entrepreneurs et je m\u2019\u00e9tonne toujours du nombre an\u00e9mique de ceux-ci qui poss\u00e8dent un plan d\u2019affaires \u00e9crit. \u00c9videmment, pratiquement tous les entrepreneurs ont &hellip;\" \/>\n<meta property=\"og:url\" content=\"https:\/\/www.institutleadership.ca\/inscription\/2020\/03\/01\/partager-son-plan-daffaires-avec-son-equipe\/\" \/>\n<meta property=\"og:site_name\" content=\"Institut de Leadership\" \/>\n<meta property=\"article:publisher\" content=\"https:\/\/www.facebook.com\/institutleadership\/\" \/>\n<meta property=\"article:published_time\" content=\"2020-03-01T09:07:32+00:00\" \/>\n<meta property=\"article:modified_time\" content=\"2020-04-03T17:37:36+00:00\" \/>\n<meta property=\"og:image\" content=\"https:\/\/www.institutleadership.ca\/inscription\/wp-content\/uploads\/sites\/10\/2018\/12\/ca-mijote-institut-leadership-18.jpg\" \/>\n\t<meta property=\"og:image:width\" content=\"800\" \/>\n\t<meta property=\"og:image:height\" content=\"533\" \/>\n\t<meta property=\"og:image:type\" content=\"image\/jpeg\" \/>\n<meta name=\"author\" content=\"Institut De Leadership\" \/>\n<meta name=\"twitter:card\" content=\"summary_large_image\" \/>\n<meta name=\"twitter:label1\" content=\"\u00c9crit par\" \/>\n\t<meta name=\"twitter:data1\" content=\"Institut De Leadership\" \/>\n\t<meta name=\"twitter:label2\" content=\"Estimation du temps de lecture\" \/>\n\t<meta name=\"twitter:data2\" content=\"2 minutes\" \/>\n<script type=\"application\/ld+json\" class=\"yoast-schema-graph\">{\"@context\":\"https:\/\/schema.org\",\"@graph\":[{\"@type\":\"Article\",\"@id\":\"https:\/\/www.institutleadership.ca\/inscription\/2020\/03\/01\/partager-son-plan-daffaires-avec-son-equipe\/#article\",\"isPartOf\":{\"@id\":\"https:\/\/www.institutleadership.ca\/inscription\/2020\/03\/01\/partager-son-plan-daffaires-avec-son-equipe\/\"},\"author\":{\"name\":\"Institut De Leadership\",\"@id\":\"https:\/\/www.institutleadership.ca\/inscription\/#\/schema\/person\/ae9b44582accf4ab76e5d82f8be544de\"},\"headline\":\"Partager son plan d\u2019affaires avec son \u00e9quipe\",\"datePublished\":\"2020-03-01T09:07:32+00:00\",\"dateModified\":\"2020-04-03T17:37:36+00:00\",\"mainEntityOfPage\":{\"@id\":\"https:\/\/www.institutleadership.ca\/inscription\/2020\/03\/01\/partager-son-plan-daffaires-avec-son-equipe\/\"},\"wordCount\":449,\"commentCount\":0,\"publisher\":{\"@id\":\"https:\/\/www.institutleadership.ca\/inscription\/#organization\"},\"articleSection\":[\"Affaires\"],\"inLanguage\":\"fr-CA\",\"potentialAction\":[{\"@type\":\"CommentAction\",\"name\":\"Comment\",\"target\":[\"https:\/\/www.institutleadership.ca\/inscription\/2020\/03\/01\/partager-son-plan-daffaires-avec-son-equipe\/#respond\"]}]},{\"@type\":\"WebPage\",\"@id\":\"https:\/\/www.institutleadership.ca\/inscription\/2020\/03\/01\/partager-son-plan-daffaires-avec-son-equipe\/\",\"url\":\"https:\/\/www.institutleadership.ca\/inscription\/2020\/03\/01\/partager-son-plan-daffaires-avec-son-equipe\/\",\"name\":\"Partager son plan d\u2019affaires avec son \u00e9quipe - Institut de Leadership\",\"isPartOf\":{\"@id\":\"https:\/\/www.institutleadership.ca\/inscription\/#website\"},\"datePublished\":\"2020-03-01T09:07:32+00:00\",\"dateModified\":\"2020-04-03T17:37:36+00:00\",\"breadcrumb\":{\"@id\":\"https:\/\/www.institutleadership.ca\/inscription\/2020\/03\/01\/partager-son-plan-daffaires-avec-son-equipe\/#breadcrumb\"},\"inLanguage\":\"fr-CA\",\"potentialAction\":[{\"@type\":\"ReadAction\",\"target\":[\"https:\/\/www.institutleadership.ca\/inscription\/2020\/03\/01\/partager-son-plan-daffaires-avec-son-equipe\/\"]}]},{\"@type\":\"BreadcrumbList\",\"@id\":\"https:\/\/www.institutleadership.ca\/inscription\/2020\/03\/01\/partager-son-plan-daffaires-avec-son-equipe\/#breadcrumb\",\"itemListElement\":[{\"@type\":\"ListItem\",\"position\":1,\"name\":\"Accueil\",\"item\":\"https:\/\/www.institutleadership.ca\/inscription\/\"},{\"@type\":\"ListItem\",\"position\":2,\"name\":\"Partager son plan d\u2019affaires avec son \u00e9quipe\"}]},{\"@type\":\"WebSite\",\"@id\":\"https:\/\/www.institutleadership.ca\/inscription\/#website\",\"url\":\"https:\/\/www.institutleadership.ca\/inscription\/\",\"name\":\"Institut de leadership\",\"description\":\"Formations pour cadres et dirigeants\",\"publisher\":{\"@id\":\"https:\/\/www.institutleadership.ca\/inscription\/#organization\"},\"potentialAction\":[{\"@type\":\"SearchAction\",\"target\":{\"@type\":\"EntryPoint\",\"urlTemplate\":\"https:\/\/www.institutleadership.ca\/inscription\/?s={search_term_string}\"},\"query-input\":\"required name=search_term_string\"}],\"inLanguage\":\"fr-CA\"},{\"@type\":\"Organization\",\"@id\":\"https:\/\/www.institutleadership.ca\/inscription\/#organization\",\"name\":\"Institut de leadership\",\"url\":\"https:\/\/www.institutleadership.ca\/inscription\/\",\"logo\":{\"@type\":\"ImageObject\",\"inLanguage\":\"fr-CA\",\"@id\":\"https:\/\/www.institutleadership.ca\/inscription\/#\/schema\/logo\/image\/\",\"url\":\"https:\/\/www.institutleadership.ca\/english\/wp-content\/uploads\/sites\/10\/2019\/11\/Logo_Officiel-2-1.jpg\",\"contentUrl\":\"https:\/\/www.institutleadership.ca\/english\/wp-content\/uploads\/sites\/10\/2019\/11\/Logo_Officiel-2-1.jpg\",\"width\":2048,\"height\":1024,\"caption\":\"Institut de leadership\"},\"image\":{\"@id\":\"https:\/\/www.institutleadership.ca\/inscription\/#\/schema\/logo\/image\/\"},\"sameAs\":[\"https:\/\/www.facebook.com\/institutleadership\/\",\"https:\/\/www.linkedin.com\/school\/5305840\"]},{\"@type\":\"Person\",\"@id\":\"https:\/\/www.institutleadership.ca\/inscription\/#\/schema\/person\/ae9b44582accf4ab76e5d82f8be544de\",\"name\":\"Institut De Leadership\",\"image\":{\"@type\":\"ImageObject\",\"inLanguage\":\"fr-CA\",\"@id\":\"https:\/\/www.institutleadership.ca\/inscription\/#\/schema\/person\/image\/\",\"url\":\"https:\/\/secure.gravatar.com\/avatar\/c59729bd60856551b2bc9e1cadfd58f5?s=96&d=mm&r=g\",\"contentUrl\":\"https:\/\/secure.gravatar.com\/avatar\/c59729bd60856551b2bc9e1cadfd58f5?s=96&d=mm&r=g\",\"caption\":\"Institut De Leadership\"},\"url\":\"https:\/\/www.institutleadership.ca\/inscription\/author\/adminjack\/\"}]}<\/script>\n<!-- \/ Yoast SEO plugin. -->","yoast_head_json":{"title":"Partager son plan d\u2019affaires avec son \u00e9quipe - Institut de Leadership","robots":{"index":"index","follow":"follow","max-snippet":"max-snippet:-1","max-image-preview":"max-image-preview:large","max-video-preview":"max-video-preview:-1"},"canonical":"https:\/\/www.institutleadership.ca\/inscription\/2020\/03\/01\/partager-son-plan-daffaires-avec-son-equipe\/","og_locale":"fr_CA","og_type":"article","og_title":"Partager son plan d\u2019affaires avec son \u00e9quipe - Institut de Leadership","og_description":"\u00c9crit par Martin Thibault, Pr\u00e9sident d\u2019Absolunet et intervenant \u00e0 l\u2019Institut de leadership en gestion Je rencontre r\u00e9guli\u00e8rement des entrepreneurs et je m\u2019\u00e9tonne toujours du nombre an\u00e9mique de ceux-ci qui poss\u00e8dent un plan d\u2019affaires \u00e9crit. \u00c9videmment, pratiquement tous les entrepreneurs ont &hellip;","og_url":"https:\/\/www.institutleadership.ca\/inscription\/2020\/03\/01\/partager-son-plan-daffaires-avec-son-equipe\/","og_site_name":"Institut de Leadership","article_publisher":"https:\/\/www.facebook.com\/institutleadership\/","article_published_time":"2020-03-01T09:07:32+00:00","article_modified_time":"2020-04-03T17:37:36+00:00","og_image":[{"width":800,"height":533,"url":"https:\/\/www.institutleadership.ca\/inscription\/wp-content\/uploads\/sites\/10\/2018\/12\/ca-mijote-institut-leadership-18.jpg","type":"image\/jpeg"}],"author":"Institut De Leadership","twitter_card":"summary_large_image","twitter_misc":{"\u00c9crit par":"Institut De Leadership","Estimation du temps de lecture":"2 minutes"},"schema":{"@context":"https:\/\/schema.org","@graph":[{"@type":"Article","@id":"https:\/\/www.institutleadership.ca\/inscription\/2020\/03\/01\/partager-son-plan-daffaires-avec-son-equipe\/#article","isPartOf":{"@id":"https:\/\/www.institutleadership.ca\/inscription\/2020\/03\/01\/partager-son-plan-daffaires-avec-son-equipe\/"},"author":{"name":"Institut De Leadership","@id":"https:\/\/www.institutleadership.ca\/inscription\/#\/schema\/person\/ae9b44582accf4ab76e5d82f8be544de"},"headline":"Partager son plan d\u2019affaires avec son \u00e9quipe","datePublished":"2020-03-01T09:07:32+00:00","dateModified":"2020-04-03T17:37:36+00:00","mainEntityOfPage":{"@id":"https:\/\/www.institutleadership.ca\/inscription\/2020\/03\/01\/partager-son-plan-daffaires-avec-son-equipe\/"},"wordCount":449,"commentCount":0,"publisher":{"@id":"https:\/\/www.institutleadership.ca\/inscription\/#organization"},"articleSection":["Affaires"],"inLanguage":"fr-CA","potentialAction":[{"@type":"CommentAction","name":"Comment","target":["https:\/\/www.institutleadership.ca\/inscription\/2020\/03\/01\/partager-son-plan-daffaires-avec-son-equipe\/#respond"]}]},{"@type":"WebPage","@id":"https:\/\/www.institutleadership.ca\/inscription\/2020\/03\/01\/partager-son-plan-daffaires-avec-son-equipe\/","url":"https:\/\/www.institutleadership.ca\/inscription\/2020\/03\/01\/partager-son-plan-daffaires-avec-son-equipe\/","name":"Partager son plan d\u2019affaires avec son \u00e9quipe - Institut de Leadership","isPartOf":{"@id":"https:\/\/www.institutleadership.ca\/inscription\/#website"},"datePublished":"2020-03-01T09:07:32+00:00","dateModified":"2020-04-03T17:37:36+00:00","breadcrumb":{"@id":"https:\/\/www.institutleadership.ca\/inscription\/2020\/03\/01\/partager-son-plan-daffaires-avec-son-equipe\/#breadcrumb"},"inLanguage":"fr-CA","potentialAction":[{"@type":"ReadAction","target":["https:\/\/www.institutleadership.ca\/inscription\/2020\/03\/01\/partager-son-plan-daffaires-avec-son-equipe\/"]}]},{"@type":"BreadcrumbList","@id":"https:\/\/www.institutleadership.ca\/inscription\/2020\/03\/01\/partager-son-plan-daffaires-avec-son-equipe\/#breadcrumb","itemListElement":[{"@type":"ListItem","position":1,"name":"Accueil","item":"https:\/\/www.institutleadership.ca\/inscription\/"},{"@type":"ListItem","position":2,"name":"Partager son plan d\u2019affaires avec son \u00e9quipe"}]},{"@type":"WebSite","@id":"https:\/\/www.institutleadership.ca\/inscription\/#website","url":"https:\/\/www.institutleadership.ca\/inscription\/","name":"Institut de leadership","description":"Formations pour cadres et dirigeants","publisher":{"@id":"https:\/\/www.institutleadership.ca\/inscription\/#organization"},"potentialAction":[{"@type":"SearchAction","target":{"@type":"EntryPoint","urlTemplate":"https:\/\/www.institutleadership.ca\/inscription\/?s={search_term_string}"},"query-input":"required name=search_term_string"}],"inLanguage":"fr-CA"},{"@type":"Organization","@id":"https:\/\/www.institutleadership.ca\/inscription\/#organization","name":"Institut de leadership","url":"https:\/\/www.institutleadership.ca\/inscription\/","logo":{"@type":"ImageObject","inLanguage":"fr-CA","@id":"https:\/\/www.institutleadership.ca\/inscription\/#\/schema\/logo\/image\/","url":"https:\/\/www.institutleadership.ca\/english\/wp-content\/uploads\/sites\/10\/2019\/11\/Logo_Officiel-2-1.jpg","contentUrl":"https:\/\/www.institutleadership.ca\/english\/wp-content\/uploads\/sites\/10\/2019\/11\/Logo_Officiel-2-1.jpg","width":2048,"height":1024,"caption":"Institut de leadership"},"image":{"@id":"https:\/\/www.institutleadership.ca\/inscription\/#\/schema\/logo\/image\/"},"sameAs":["https:\/\/www.facebook.com\/institutleadership\/","https:\/\/www.linkedin.com\/school\/5305840"]},{"@type":"Person","@id":"https:\/\/www.institutleadership.ca\/inscription\/#\/schema\/person\/ae9b44582accf4ab76e5d82f8be544de","name":"Institut De Leadership","image":{"@type":"ImageObject","inLanguage":"fr-CA","@id":"https:\/\/www.institutleadership.ca\/inscription\/#\/schema\/person\/image\/","url":"https:\/\/secure.gravatar.com\/avatar\/c59729bd60856551b2bc9e1cadfd58f5?s=96&d=mm&r=g","contentUrl":"https:\/\/secure.gravatar.com\/avatar\/c59729bd60856551b2bc9e1cadfd58f5?s=96&d=mm&r=g","caption":"Institut De Leadership"},"url":"https:\/\/www.institutleadership.ca\/inscription\/author\/adminjack\/"}]}},"_links":{"self":[{"href":"https:\/\/www.institutleadership.ca\/inscription\/wp-json\/wp\/v2\/posts\/9166"}],"collection":[{"href":"https:\/\/www.institutleadership.ca\/inscription\/wp-json\/wp\/v2\/posts"}],"about":[{"href":"https:\/\/www.institutleadership.ca\/inscription\/wp-json\/wp\/v2\/types\/post"}],"author":[{"embeddable":true,"href":"https:\/\/www.institutleadership.ca\/inscription\/wp-json\/wp\/v2\/users\/1"}],"replies":[{"embeddable":true,"href":"https:\/\/www.institutleadership.ca\/inscription\/wp-json\/wp\/v2\/comments?post=9166"}],"version-history":[{"count":1,"href":"https:\/\/www.institutleadership.ca\/inscription\/wp-json\/wp\/v2\/posts\/9166\/revisions"}],"predecessor-version":[{"id":9168,"href":"https:\/\/www.institutleadership.ca\/inscription\/wp-json\/wp\/v2\/posts\/9166\/revisions\/9168"}],"wp:featuredmedia":[{"embeddable":true,"href":"https:\/\/www.institutleadership.ca\/inscription\/wp-json\/wp\/v2\/media\/9167"}],"wp:attachment":[{"href":"https:\/\/www.institutleadership.ca\/inscription\/wp-json\/wp\/v2\/media?parent=9166"}],"wp:term":[{"taxonomy":"category","embeddable":true,"href":"https:\/\/www.institutleadership.ca\/inscription\/wp-json\/wp\/v2\/categories?post=9166"},{"taxonomy":"post_tag","embeddable":true,"href":"https:\/\/www.institutleadership.ca\/inscription\/wp-json\/wp\/v2\/tags?post=9166"}],"curies":[{"name":"wp","href":"https:\/\/api.w.org\/{rel}","templated":true}]}}