{"id":13220,"date":"2021-06-10T12:30:10","date_gmt":"2021-06-10T16:30:10","guid":{"rendered":"https:\/\/www.institutleadership.ca\/montreal\/?p=13220"},"modified":"2021-06-10T14:01:18","modified_gmt":"2021-06-10T18:01:18","slug":"la-negociation-dun-transfert-dentreprise","status":"publish","type":"post","link":"https:\/\/www.institutleadership.ca\/montreal\/2021\/06\/10\/la-negociation-dun-transfert-dentreprise\/","title":{"rendered":"La n\u00e9gociation d&#8217;un transfert d&#8217;entreprise"},"content":{"rendered":"<p class=\"p1\"><strong><span class=\"s1\">Jeudi 10 juin de 12h30 \u00e0 13h30\u00a0<\/span><\/strong><\/p>\n<p class=\"p1\"><strong>La n\u00e9gociation d&#8217;un transfert d&#8217;entreprise<\/strong> avec <a href=\"https:\/\/www.institutleadership.ca\/montreal\/our_team\/vincent-lecorne\/\">Vincent Lecorne<\/a> (pr\u00e9sident-directeur g\u00e9n\u00e9ral du CTEQ et pr\u00e9sident de l&#8217;APDEQ) et <a href=\"https:\/\/www.institutleadership.ca\/montreal\/our_team\/pierre-gratton-charge-de-cours-a-luqtr\/\">Pierre Gratton<\/a> (charg\u00e9 de cours \u00e0 l\u2019UQTR)<\/p>\n<p class=\"p1\">Offert conjointement avec le <a href=\"https:\/\/ctequebec.com\/\">CTEQ<\/a>.<\/p>\n<p class=\"p2\"><span class=\"s2\">Lien de rediffusion : <a href=\"https:\/\/us02web.zoom.us\/rec\/share\/hPaPWzjpEl4YDdpj3tA8n2ngUdBvUDmqmIVFg4mP1pMef16i1UHG7oR06gpP3Rpn.qjVgHntRtUweD3_Y?startTime=1623342648000\">ICI<\/a>.<\/span><\/p>\n<div class=\"entry-content\">\n<p><span class=\"s1\">Pour d\u00e9couvrir les programmes et certifications de l\u2019Institut de leadership, cliquez\u00a0<a href=\"https:\/\/www.institutleadership.ca\/montreal\/\">ICI.<\/a><\/span><\/p>\n<\/div>\n","protected":false},"excerpt":{"rendered":"<p>Jeudi 10 juin de 12h30 \u00e0 13h30\u00a0 La n\u00e9gociation d&#8217;un transfert d&#8217;entreprise avec Vincent Lecorne (pr\u00e9sident-directeur g\u00e9n\u00e9ral du CTEQ et pr\u00e9sident de l&#8217;APDEQ) et Pierre Gratton (charg\u00e9 de cours \u00e0 l\u2019UQTR) Offert conjointement avec le CTEQ. Lien de rediffusion : &hellip; <\/p>\n","protected":false},"author":17,"featured_media":13215,"comment_status":"open","ping_status":"open","sticky":false,"template":"","format":"standard","meta":{"content-type":""},"categories":[102],"tags":[],"yoast_head":"<!-- This site is optimized with the Yoast SEO plugin v20.6 - https:\/\/yoast.com\/wordpress\/plugins\/seo\/ -->\n<title>La n\u00e9gociation d&#039;un transfert d&#039;entreprise - Canada - Institut de Leadership<\/title>\n<meta name=\"robots\" content=\"index, follow, max-snippet:-1, max-image-preview:large, max-video-preview:-1\" \/>\n<link rel=\"canonical\" href=\"https:\/\/www.institutleadership.ca\/montreal\/2021\/06\/10\/la-negociation-dun-transfert-dentreprise\/\" \/>\n<meta property=\"og:locale\" content=\"fr_CA\" \/>\n<meta property=\"og:type\" content=\"article\" \/>\n<meta property=\"og:title\" content=\"La n\u00e9gociation d&#039;un transfert d&#039;entreprise - Canada - Institut de Leadership\" \/>\n<meta property=\"og:description\" content=\"Jeudi 10 juin de 12h30 \u00e0 13h30\u00a0 La n\u00e9gociation d&#8217;un transfert d&#8217;entreprise avec Vincent Lecorne (pr\u00e9sident-directeur g\u00e9n\u00e9ral du CTEQ et pr\u00e9sident de l&#8217;APDEQ) et Pierre Gratton (charg\u00e9 de cours \u00e0 l\u2019UQTR) Offert conjointement avec le CTEQ. Lien de rediffusion : &hellip;\" \/>\n<meta property=\"og:url\" content=\"https:\/\/www.institutleadership.ca\/montreal\/2021\/06\/10\/la-negociation-dun-transfert-dentreprise\/\" \/>\n<meta property=\"og:site_name\" content=\"Canada - Institut de Leadership\" \/>\n<meta property=\"article:publisher\" content=\"https:\/\/www.facebook.com\/institutleadership\/\" \/>\n<meta property=\"article:published_time\" content=\"2021-06-10T16:30:10+00:00\" \/>\n<meta property=\"article:modified_time\" content=\"2021-06-10T18:01:18+00:00\" \/>\n<meta property=\"og:image\" content=\"https:\/\/www.institutleadership.ca\/montreal\/wp-content\/uploads\/sites\/7\/2021\/04\/Vincent-Lecorne-et-Pierre-Gratton.png\" \/>\n\t<meta property=\"og:image:width\" content=\"1536\" \/>\n\t<meta property=\"og:image:height\" content=\"2048\" \/>\n\t<meta property=\"og:image:type\" content=\"image\/png\" \/>\n<meta name=\"author\" content=\"Institut de leadership\" \/>\n<meta name=\"twitter:card\" content=\"summary_large_image\" \/>\n<meta name=\"twitter:label1\" content=\"\u00c9crit par\" \/>\n\t<meta name=\"twitter:data1\" content=\"Institut de leadership\" \/>\n<script type=\"application\/ld+json\" class=\"yoast-schema-graph\">{\"@context\":\"https:\/\/schema.org\",\"@graph\":[{\"@type\":\"Article\",\"@id\":\"https:\/\/www.institutleadership.ca\/montreal\/2021\/06\/10\/la-negociation-dun-transfert-dentreprise\/#article\",\"isPartOf\":{\"@id\":\"https:\/\/www.institutleadership.ca\/montreal\/2021\/06\/10\/la-negociation-dun-transfert-dentreprise\/\"},\"author\":{\"name\":\"Institut de leadership\",\"@id\":\"https:\/\/www.institutleadership.ca\/montreal\/#\/schema\/person\/b94edb4241f6fd455779c2ac9ae65181\"},\"headline\":\"La n\u00e9gociation d&#8217;un transfert d&#8217;entreprise\",\"datePublished\":\"2021-06-10T16:30:10+00:00\",\"dateModified\":\"2021-06-10T18:01:18+00:00\",\"mainEntityOfPage\":{\"@id\":\"https:\/\/www.institutleadership.ca\/montreal\/2021\/06\/10\/la-negociation-dun-transfert-dentreprise\/\"},\"wordCount\":63,\"commentCount\":0,\"publisher\":{\"@id\":\"https:\/\/www.institutleadership.ca\/montreal\/#organization\"},\"articleSection\":[\"webinaires\"],\"inLanguage\":\"fr-CA\",\"potentialAction\":[{\"@type\":\"CommentAction\",\"name\":\"Comment\",\"target\":[\"https:\/\/www.institutleadership.ca\/montreal\/2021\/06\/10\/la-negociation-dun-transfert-dentreprise\/#respond\"]}]},{\"@type\":\"WebPage\",\"@id\":\"https:\/\/www.institutleadership.ca\/montreal\/2021\/06\/10\/la-negociation-dun-transfert-dentreprise\/\",\"url\":\"https:\/\/www.institutleadership.ca\/montreal\/2021\/06\/10\/la-negociation-dun-transfert-dentreprise\/\",\"name\":\"La n\u00e9gociation d'un transfert d'entreprise - Canada - Institut de Leadership\",\"isPartOf\":{\"@id\":\"https:\/\/www.institutleadership.ca\/montreal\/#website\"},\"datePublished\":\"2021-06-10T16:30:10+00:00\",\"dateModified\":\"2021-06-10T18:01:18+00:00\",\"breadcrumb\":{\"@id\":\"https:\/\/www.institutleadership.ca\/montreal\/2021\/06\/10\/la-negociation-dun-transfert-dentreprise\/#breadcrumb\"},\"inLanguage\":\"fr-CA\",\"potentialAction\":[{\"@type\":\"ReadAction\",\"target\":[\"https:\/\/www.institutleadership.ca\/montreal\/2021\/06\/10\/la-negociation-dun-transfert-dentreprise\/\"]}]},{\"@type\":\"BreadcrumbList\",\"@id\":\"https:\/\/www.institutleadership.ca\/montreal\/2021\/06\/10\/la-negociation-dun-transfert-dentreprise\/#breadcrumb\",\"itemListElement\":[{\"@type\":\"ListItem\",\"position\":1,\"name\":\"Accueil\",\"item\":\"https:\/\/www.institutleadership.ca\/montreal\/\"},{\"@type\":\"ListItem\",\"position\":2,\"name\":\"La n\u00e9gociation d&#8217;un transfert d&#8217;entreprise\"}]},{\"@type\":\"WebSite\",\"@id\":\"https:\/\/www.institutleadership.ca\/montreal\/#website\",\"url\":\"https:\/\/www.institutleadership.ca\/montreal\/\",\"name\":\"Institut de leadership\",\"description\":\"Formations pour cadres et dirigeants\",\"publisher\":{\"@id\":\"https:\/\/www.institutleadership.ca\/montreal\/#organization\"},\"potentialAction\":[{\"@type\":\"SearchAction\",\"target\":{\"@type\":\"EntryPoint\",\"urlTemplate\":\"https:\/\/www.institutleadership.ca\/montreal\/?s={search_term_string}\"},\"query-input\":\"required name=search_term_string\"}],\"inLanguage\":\"fr-CA\"},{\"@type\":\"Organization\",\"@id\":\"https:\/\/www.institutleadership.ca\/montreal\/#organization\",\"name\":\"Institut de leadership\",\"url\":\"https:\/\/www.institutleadership.ca\/montreal\/\",\"logo\":{\"@type\":\"ImageObject\",\"inLanguage\":\"fr-CA\",\"@id\":\"https:\/\/www.institutleadership.ca\/montreal\/#\/schema\/logo\/image\/\",\"url\":\"https:\/\/www.institutleadership.ca\/montreal\/wp-content\/uploads\/sites\/7\/2019\/11\/Logo_Officiel-2-1.jpg\",\"contentUrl\":\"https:\/\/www.institutleadership.ca\/montreal\/wp-content\/uploads\/sites\/7\/2019\/11\/Logo_Officiel-2-1.jpg\",\"width\":2048,\"height\":1024,\"caption\":\"Institut de leadership\"},\"image\":{\"@id\":\"https:\/\/www.institutleadership.ca\/montreal\/#\/schema\/logo\/image\/\"},\"sameAs\":[\"https:\/\/www.facebook.com\/institutleadership\/\",\"https:\/\/www.linkedin.com\/school\/5305840\"]},{\"@type\":\"Person\",\"@id\":\"https:\/\/www.institutleadership.ca\/montreal\/#\/schema\/person\/b94edb4241f6fd455779c2ac9ae65181\",\"name\":\"Institut de leadership\",\"image\":{\"@type\":\"ImageObject\",\"inLanguage\":\"fr-CA\",\"@id\":\"https:\/\/www.institutleadership.ca\/montreal\/#\/schema\/person\/image\/\",\"url\":\"https:\/\/secure.gravatar.com\/avatar\/0765876946a03d2f94bded42523f50f9?s=96&d=mm&r=g\",\"contentUrl\":\"https:\/\/secure.gravatar.com\/avatar\/0765876946a03d2f94bded42523f50f9?s=96&d=mm&r=g\",\"caption\":\"Institut de leadership\"},\"sameAs\":[\"http:\/\/institutleadership.ca\"],\"url\":\"https:\/\/www.institutleadership.ca\/montreal\/author\/institutlg\/\"}]}<\/script>\n<!-- \/ Yoast SEO plugin. -->","yoast_head_json":{"title":"La n\u00e9gociation d'un transfert d'entreprise - Canada - Institut de Leadership","robots":{"index":"index","follow":"follow","max-snippet":"max-snippet:-1","max-image-preview":"max-image-preview:large","max-video-preview":"max-video-preview:-1"},"canonical":"https:\/\/www.institutleadership.ca\/montreal\/2021\/06\/10\/la-negociation-dun-transfert-dentreprise\/","og_locale":"fr_CA","og_type":"article","og_title":"La n\u00e9gociation d'un transfert d'entreprise - Canada - Institut de Leadership","og_description":"Jeudi 10 juin de 12h30 \u00e0 13h30\u00a0 La n\u00e9gociation d&#8217;un transfert d&#8217;entreprise avec Vincent Lecorne (pr\u00e9sident-directeur g\u00e9n\u00e9ral du CTEQ et pr\u00e9sident de l&#8217;APDEQ) et Pierre Gratton (charg\u00e9 de cours \u00e0 l\u2019UQTR) Offert conjointement avec le CTEQ. Lien de rediffusion : &hellip;","og_url":"https:\/\/www.institutleadership.ca\/montreal\/2021\/06\/10\/la-negociation-dun-transfert-dentreprise\/","og_site_name":"Canada - Institut de Leadership","article_publisher":"https:\/\/www.facebook.com\/institutleadership\/","article_published_time":"2021-06-10T16:30:10+00:00","article_modified_time":"2021-06-10T18:01:18+00:00","og_image":[{"width":1536,"height":2048,"url":"https:\/\/www.institutleadership.ca\/montreal\/wp-content\/uploads\/sites\/7\/2021\/04\/Vincent-Lecorne-et-Pierre-Gratton.png","type":"image\/png"}],"author":"Institut de leadership","twitter_card":"summary_large_image","twitter_misc":{"\u00c9crit par":"Institut de leadership"},"schema":{"@context":"https:\/\/schema.org","@graph":[{"@type":"Article","@id":"https:\/\/www.institutleadership.ca\/montreal\/2021\/06\/10\/la-negociation-dun-transfert-dentreprise\/#article","isPartOf":{"@id":"https:\/\/www.institutleadership.ca\/montreal\/2021\/06\/10\/la-negociation-dun-transfert-dentreprise\/"},"author":{"name":"Institut de leadership","@id":"https:\/\/www.institutleadership.ca\/montreal\/#\/schema\/person\/b94edb4241f6fd455779c2ac9ae65181"},"headline":"La n\u00e9gociation d&#8217;un transfert d&#8217;entreprise","datePublished":"2021-06-10T16:30:10+00:00","dateModified":"2021-06-10T18:01:18+00:00","mainEntityOfPage":{"@id":"https:\/\/www.institutleadership.ca\/montreal\/2021\/06\/10\/la-negociation-dun-transfert-dentreprise\/"},"wordCount":63,"commentCount":0,"publisher":{"@id":"https:\/\/www.institutleadership.ca\/montreal\/#organization"},"articleSection":["webinaires"],"inLanguage":"fr-CA","potentialAction":[{"@type":"CommentAction","name":"Comment","target":["https:\/\/www.institutleadership.ca\/montreal\/2021\/06\/10\/la-negociation-dun-transfert-dentreprise\/#respond"]}]},{"@type":"WebPage","@id":"https:\/\/www.institutleadership.ca\/montreal\/2021\/06\/10\/la-negociation-dun-transfert-dentreprise\/","url":"https:\/\/www.institutleadership.ca\/montreal\/2021\/06\/10\/la-negociation-dun-transfert-dentreprise\/","name":"La n\u00e9gociation d'un transfert d'entreprise - Canada - Institut de Leadership","isPartOf":{"@id":"https:\/\/www.institutleadership.ca\/montreal\/#website"},"datePublished":"2021-06-10T16:30:10+00:00","dateModified":"2021-06-10T18:01:18+00:00","breadcrumb":{"@id":"https:\/\/www.institutleadership.ca\/montreal\/2021\/06\/10\/la-negociation-dun-transfert-dentreprise\/#breadcrumb"},"inLanguage":"fr-CA","potentialAction":[{"@type":"ReadAction","target":["https:\/\/www.institutleadership.ca\/montreal\/2021\/06\/10\/la-negociation-dun-transfert-dentreprise\/"]}]},{"@type":"BreadcrumbList","@id":"https:\/\/www.institutleadership.ca\/montreal\/2021\/06\/10\/la-negociation-dun-transfert-dentreprise\/#breadcrumb","itemListElement":[{"@type":"ListItem","position":1,"name":"Accueil","item":"https:\/\/www.institutleadership.ca\/montreal\/"},{"@type":"ListItem","position":2,"name":"La n\u00e9gociation d&#8217;un transfert d&#8217;entreprise"}]},{"@type":"WebSite","@id":"https:\/\/www.institutleadership.ca\/montreal\/#website","url":"https:\/\/www.institutleadership.ca\/montreal\/","name":"Institut de leadership","description":"Formations pour cadres et dirigeants","publisher":{"@id":"https:\/\/www.institutleadership.ca\/montreal\/#organization"},"potentialAction":[{"@type":"SearchAction","target":{"@type":"EntryPoint","urlTemplate":"https:\/\/www.institutleadership.ca\/montreal\/?s={search_term_string}"},"query-input":"required name=search_term_string"}],"inLanguage":"fr-CA"},{"@type":"Organization","@id":"https:\/\/www.institutleadership.ca\/montreal\/#organization","name":"Institut de leadership","url":"https:\/\/www.institutleadership.ca\/montreal\/","logo":{"@type":"ImageObject","inLanguage":"fr-CA","@id":"https:\/\/www.institutleadership.ca\/montreal\/#\/schema\/logo\/image\/","url":"https:\/\/www.institutleadership.ca\/montreal\/wp-content\/uploads\/sites\/7\/2019\/11\/Logo_Officiel-2-1.jpg","contentUrl":"https:\/\/www.institutleadership.ca\/montreal\/wp-content\/uploads\/sites\/7\/2019\/11\/Logo_Officiel-2-1.jpg","width":2048,"height":1024,"caption":"Institut de leadership"},"image":{"@id":"https:\/\/www.institutleadership.ca\/montreal\/#\/schema\/logo\/image\/"},"sameAs":["https:\/\/www.facebook.com\/institutleadership\/","https:\/\/www.linkedin.com\/school\/5305840"]},{"@type":"Person","@id":"https:\/\/www.institutleadership.ca\/montreal\/#\/schema\/person\/b94edb4241f6fd455779c2ac9ae65181","name":"Institut de leadership","image":{"@type":"ImageObject","inLanguage":"fr-CA","@id":"https:\/\/www.institutleadership.ca\/montreal\/#\/schema\/person\/image\/","url":"https:\/\/secure.gravatar.com\/avatar\/0765876946a03d2f94bded42523f50f9?s=96&d=mm&r=g","contentUrl":"https:\/\/secure.gravatar.com\/avatar\/0765876946a03d2f94bded42523f50f9?s=96&d=mm&r=g","caption":"Institut de leadership"},"sameAs":["http:\/\/institutleadership.ca"],"url":"https:\/\/www.institutleadership.ca\/montreal\/author\/institutlg\/"}]}},"_links":{"self":[{"href":"https:\/\/www.institutleadership.ca\/montreal\/wp-json\/wp\/v2\/posts\/13220"}],"collection":[{"href":"https:\/\/www.institutleadership.ca\/montreal\/wp-json\/wp\/v2\/posts"}],"about":[{"href":"https:\/\/www.institutleadership.ca\/montreal\/wp-json\/wp\/v2\/types\/post"}],"author":[{"embeddable":true,"href":"https:\/\/www.institutleadership.ca\/montreal\/wp-json\/wp\/v2\/users\/17"}],"replies":[{"embeddable":true,"href":"https:\/\/www.institutleadership.ca\/montreal\/wp-json\/wp\/v2\/comments?post=13220"}],"version-history":[{"count":6,"href":"https:\/\/www.institutleadership.ca\/montreal\/wp-json\/wp\/v2\/posts\/13220\/revisions"}],"predecessor-version":[{"id":13325,"href":"https:\/\/www.institutleadership.ca\/montreal\/wp-json\/wp\/v2\/posts\/13220\/revisions\/13325"}],"wp:featuredmedia":[{"embeddable":true,"href":"https:\/\/www.institutleadership.ca\/montreal\/wp-json\/wp\/v2\/media\/13215"}],"wp:attachment":[{"href":"https:\/\/www.institutleadership.ca\/montreal\/wp-json\/wp\/v2\/media?parent=13220"}],"wp:term":[{"taxonomy":"category","embeddable":true,"href":"https:\/\/www.institutleadership.ca\/montreal\/wp-json\/wp\/v2\/categories?post=13220"},{"taxonomy":"post_tag","embeddable":true,"href":"https:\/\/www.institutleadership.ca\/montreal\/wp-json\/wp\/v2\/tags?post=13220"}],"curies":[{"name":"wp","href":"https:\/\/api.w.org\/{rel}","templated":true}]}}