{"id":3696,"date":"2016-01-20T10:31:26","date_gmt":"2016-01-20T10:31:26","guid":{"rendered":"http:\/\/thim.staging.wpengine.com\/?p=3696"},"modified":"2019-01-12T06:37:08","modified_gmt":"2019-01-12T11:37:08","slug":"plus-grand-et-plus-vrai-que-nature","status":"publish","type":"post","link":"https:\/\/www.institutleadership.ca\/paris\/2016\/01\/20\/plus-grand-et-plus-vrai-que-nature\/","title":{"rendered":"Plus grand et plus vrai que nature"},"content":{"rendered":"<h4>\u00c9crit par : Nabil Doss Intervenant \u00e0 l\u2019Institut de leadership en gestion<br \/>\nExpert en communication d\u2019influence<br \/>\nPr\u00e9sident \u00e9lu de la Global Speakers Federation<\/h4>\n<p>Un dirigeant d\u2019entreprise que je conseillais avant une pr\u00e9sentation importante, me confiait qu\u2019il ne se sentait pas l\u2019\u00e2me d\u2019un grand orateur et qu\u2019il ne se voyait pas faire un discours-spectacle. Ce discours devait avoir un impact majeur sur son leadership au sein de l\u2019organisation, ce qui ajoutait \u00e0 son inqui\u00e9tude. Je lui r\u00e9pondis de ne pas s\u2019en faire, car les effets de toge des grands tribuns relevaient d\u2019une autre \u00e9poque et qu\u2019aujourd\u2019hui, pour qu\u2019un discours impacte et influence de fa\u00e7on positive, il faut tout d\u2019abord rester soi-m\u00eame.<\/p>\n<p>Mais que veut dire \u00ab \u00eatre soi-m\u00eame \u00bb dans un contexte o\u00f9 l\u2019on prend la parole ; o\u00f9 l\u2019on veut d\u00e9ployer son leadership et son influence ; o\u00f9 l\u2019on veut se d\u00e9marquer\u2026 en cette \u00e9poque o\u00f9 il est difficile de conserver l\u2019attention d\u2019un auditoire plus que quelques secondes?<br \/>\nIl faut \u00eatre soi-m\u00eame, oui, mais en plus grand, en plus vrai! On ne parle pas avec la m\u00eame intensit\u00e9 dans un entretien \u00e0 deux que dans une salle avec deux cents personnes! Pour r\u00e9ussir le transfert de votre personnalit\u00e9 \u00e0 la r\u00e9alit\u00e9 de la tribune, trois \u00e9l\u00e9ments sont \u00e0 retenir :<\/p>\n<p>Donnez-vous la permission!<br \/>\nDans un contexte d\u2019affaires, on a souvent tendance \u00e0 \u00e9viter de prendre des risques par crainte de faire un faux pas politique, strat\u00e9gique ou culturel. C\u2019est ainsi qu\u2019on se rabat sur notre contenu qu\u2019on livre de fa\u00e7on professionnelle sans trop faire de remous. Le probl\u00e8me est que, dans la plupart des cas, ce type de pr\u00e9sentation, qui n\u2019a rien d\u2019original ou de m\u00e9morable, tombe rapidement dans l\u2019oubli, sans compter le fait qu\u2019on rate une occasion en or de faire valoir son leadership. De gr\u00e2ce, ne laissez pas votre personnalit\u00e9, votre essence, votre g\u00e9nie personnel au vestiaire ; assurez-vous de donner votre propre couleur \u00e0 votre contenu pour qu\u2019il contraste avec la grisaille environnante. Assurez-vous \u00e9galement de l\u2019impact d\u00e9sir\u00e9 : voulez-vous s\u00e9duire, provoquer, faire r\u00e9fl\u00e9chir ou motiver votre auditoire? La fin justifiera les moyens\u2026<\/p>\n<p>Racontez une histoire!<br \/>\nPeu importe, que vous pr\u00e9sentiez un grand virage strat\u00e9gique, un \u00ab pitch \u00bb de vente ou un rapport financier en assembl\u00e9e g\u00e9n\u00e9rale, il vous faut raconter l\u2019histoire qui se cache derri\u00e8re le contenu, l\u2019analyse ou les chiffres. C\u2019est ce que votre auditoire retiendra. C\u2019est ce qui l\u2019emp\u00eachera de b\u00e2iller ou de consulter ses messages. Pour qu\u2019une histoire soit efficace, elle doit \u00eatre pertinente, courte, simple, structur\u00e9e et avoir recours aux \u00e9motions universelles \u2013 joie, peine, peur, col\u00e8re, surprise, d\u00e9go\u00fbt \u2013 pour cr\u00e9er un effet de r\u00e9sonance aupr\u00e8s de votre auditoire. Christian Salmon, auteur du livre \u00ab Storytelling \u00bb affirme que le leader de notre \u00e9poque doit avant tout \u00eatre un \u00ab Storyteller \u00bb.<\/p>\n<p>Une image vaut toujours mille mots!<br \/>\nIl est plus facile que jamais de se procurer des images libres de droits pour agr\u00e9menter nos pr\u00e9sentations. Elles sont accessibles \u00e0 tous et \u00e0 la port\u00e9e de tous les budgets\u2026 mais est-ce suffisant pour se d\u00e9marquer du lot? Pour \u00eatre vraiment percutant, et surtout m\u00e9morable, il faut \u00e9galement employer un langage imag\u00e9. C\u2019est l\u00e0 que les m\u00e9taphores, les analogies, les phrases-chocs, les leitmotive et les slogans viennent cristalliser une id\u00e9e tout en facilitant la r\u00e9tention de l\u2019essence de votre message. \u00c9vitez les abstractions et rendez vos explications les plus concr\u00e8tes possible.<\/p>\n<p>Le dirigeant \u00e0 qui j\u2019avais conseill\u00e9 de rester lui-m\u00eame lorsqu\u2019il pr\u00e9senterait son discours, je lui ai \u00e9galement soulign\u00e9 l\u2019importance \u00ab d\u2019amplifier le signal \u00bb pour \u00eatre plus grand et plus vrai que nature. Son discours, tout en restant simple et d\u00e9nu\u00e9 d\u2019effets de sc\u00e8ne inutiles a marqu\u00e9 de fa\u00e7on magistrale la nouvelle direction qu\u2019il proposait \u00e0 son entreprise\u2026<\/p>\n<p>J\u2019ai le plaisir d\u2019intervenir au sein du programme de Certification en leadership et habilet\u00e9s de direction de l\u2019Institut de Leadership en Gestion du Qu\u00e9bec dans une formule-conf\u00e9rence-atelier o\u00f9 l\u2019on passe en revue les cl\u00e9s de la communication d\u2019influence. Si vous avez \u00e0 prendre la parole dans l\u2019exercice de vos fonctions, voil\u00e0 un excellent moyen de remplir votre coffre \u00e0 outils et faire le plein d\u2019id\u00e9es sur la mani\u00e8re de pr\u00e9senter votre contenu. Au plaisir de vous y rencontrer!<\/p>\n","protected":false},"excerpt":{"rendered":"<p>\u00c9crit par : Nabil Doss Intervenant \u00e0 l\u2019Institut de leadership en gestion Expert en communication d\u2019influence Pr\u00e9sident \u00e9lu de la Global Speakers Federation Un dirigeant d\u2019entreprise que je conseillais avant une pr\u00e9sentation importante, me confiait qu\u2019il ne se sentait pas &hellip; <\/p>\n","protected":false},"author":1,"featured_media":9128,"comment_status":"open","ping_status":"open","sticky":true,"template":"","format":"standard","meta":{"content-type":"","_mi_skip_tracking":false},"categories":[32],"tags":[],"yoast_head":"<!-- This site is optimized with the Yoast SEO plugin v20.6 - https:\/\/yoast.com\/wordpress\/plugins\/seo\/ -->\n<title>Plus grand et plus vrai que nature - France - Institut de Leadership<\/title>\n<meta name=\"robots\" content=\"index, follow, max-snippet:-1, max-image-preview:large, max-video-preview:-1\" \/>\n<link rel=\"canonical\" href=\"https:\/\/www.institutleadership.ca\/paris\/2016\/01\/20\/plus-grand-et-plus-vrai-que-nature\/\" \/>\n<meta property=\"og:locale\" content=\"fr_CA\" \/>\n<meta property=\"og:type\" content=\"article\" \/>\n<meta property=\"og:title\" content=\"Plus grand et plus vrai que nature - France - Institut de Leadership\" \/>\n<meta property=\"og:description\" content=\"\u00c9crit par : Nabil Doss Intervenant \u00e0 l\u2019Institut de leadership en gestion Expert en communication d\u2019influence Pr\u00e9sident \u00e9lu de la Global Speakers Federation Un dirigeant d\u2019entreprise que je conseillais avant une pr\u00e9sentation importante, me confiait qu\u2019il ne se sentait pas &hellip;\" \/>\n<meta property=\"og:url\" content=\"https:\/\/www.institutleadership.ca\/paris\/2016\/01\/20\/plus-grand-et-plus-vrai-que-nature\/\" \/>\n<meta property=\"og:site_name\" content=\"France - Institut de Leadership\" \/>\n<meta property=\"article:published_time\" content=\"2016-01-20T10:31:26+00:00\" \/>\n<meta property=\"article:modified_time\" content=\"2019-01-12T11:37:08+00:00\" \/>\n<meta property=\"og:image\" content=\"https:\/\/www.institutleadership.ca\/paris\/wp-content\/uploads\/sites\/9\/2016\/01\/photo-1.jpg\" \/>\n\t<meta property=\"og:image:width\" content=\"1600\" \/>\n\t<meta property=\"og:image:height\" content=\"1065\" \/>\n\t<meta property=\"og:image:type\" content=\"image\/jpeg\" \/>\n<meta name=\"author\" content=\"Institut De Leadership\" \/>\n<meta name=\"twitter:card\" content=\"summary_large_image\" \/>\n<meta name=\"twitter:label1\" content=\"\u00c9crit par\" \/>\n\t<meta name=\"twitter:data1\" content=\"Institut De Leadership\" \/>\n\t<meta name=\"twitter:label2\" content=\"Estimation du temps de lecture\" \/>\n\t<meta name=\"twitter:data2\" content=\"4 minutes\" \/>\n<script type=\"application\/ld+json\" class=\"yoast-schema-graph\">{\"@context\":\"https:\/\/schema.org\",\"@graph\":[{\"@type\":\"WebPage\",\"@id\":\"https:\/\/www.institutleadership.ca\/paris\/2016\/01\/20\/plus-grand-et-plus-vrai-que-nature\/\",\"url\":\"https:\/\/www.institutleadership.ca\/paris\/2016\/01\/20\/plus-grand-et-plus-vrai-que-nature\/\",\"name\":\"Plus grand et plus vrai que nature - France - Institut de Leadership\",\"isPartOf\":{\"@id\":\"https:\/\/www.institutleadership.ca\/paris\/#website\"},\"datePublished\":\"2016-01-20T10:31:26+00:00\",\"dateModified\":\"2019-01-12T11:37:08+00:00\",\"author\":{\"@id\":\"https:\/\/www.institutleadership.ca\/paris\/#\/schema\/person\/ae9b44582accf4ab76e5d82f8be544de\"},\"breadcrumb\":{\"@id\":\"https:\/\/www.institutleadership.ca\/paris\/2016\/01\/20\/plus-grand-et-plus-vrai-que-nature\/#breadcrumb\"},\"inLanguage\":\"fr-CA\",\"potentialAction\":[{\"@type\":\"ReadAction\",\"target\":[\"https:\/\/www.institutleadership.ca\/paris\/2016\/01\/20\/plus-grand-et-plus-vrai-que-nature\/\"]}]},{\"@type\":\"BreadcrumbList\",\"@id\":\"https:\/\/www.institutleadership.ca\/paris\/2016\/01\/20\/plus-grand-et-plus-vrai-que-nature\/#breadcrumb\",\"itemListElement\":[{\"@type\":\"ListItem\",\"position\":1,\"name\":\"Accueil\",\"item\":\"https:\/\/www.institutleadership.ca\/paris\/\"},{\"@type\":\"ListItem\",\"position\":2,\"name\":\"Plus grand et plus vrai que nature\"}]},{\"@type\":\"WebSite\",\"@id\":\"https:\/\/www.institutleadership.ca\/paris\/#website\",\"url\":\"https:\/\/www.institutleadership.ca\/paris\/\",\"name\":\"France - Institut de Leadership\",\"description\":\"Formations pour cadres et dirigeants\",\"potentialAction\":[{\"@type\":\"SearchAction\",\"target\":{\"@type\":\"EntryPoint\",\"urlTemplate\":\"https:\/\/www.institutleadership.ca\/paris\/?s={search_term_string}\"},\"query-input\":\"required name=search_term_string\"}],\"inLanguage\":\"fr-CA\"},{\"@type\":\"Person\",\"@id\":\"https:\/\/www.institutleadership.ca\/paris\/#\/schema\/person\/ae9b44582accf4ab76e5d82f8be544de\",\"name\":\"Institut De Leadership\",\"image\":{\"@type\":\"ImageObject\",\"inLanguage\":\"fr-CA\",\"@id\":\"https:\/\/www.institutleadership.ca\/paris\/#\/schema\/person\/image\/\",\"url\":\"https:\/\/secure.gravatar.com\/avatar\/c59729bd60856551b2bc9e1cadfd58f5?s=96&d=mm&r=g\",\"contentUrl\":\"https:\/\/secure.gravatar.com\/avatar\/c59729bd60856551b2bc9e1cadfd58f5?s=96&d=mm&r=g\",\"caption\":\"Institut De Leadership\"},\"url\":\"https:\/\/www.institutleadership.ca\/paris\/author\/adminjack\/\"}]}<\/script>\n<!-- \/ Yoast SEO plugin. -->","yoast_head_json":{"title":"Plus grand et plus vrai que nature - France - Institut de Leadership","robots":{"index":"index","follow":"follow","max-snippet":"max-snippet:-1","max-image-preview":"max-image-preview:large","max-video-preview":"max-video-preview:-1"},"canonical":"https:\/\/www.institutleadership.ca\/paris\/2016\/01\/20\/plus-grand-et-plus-vrai-que-nature\/","og_locale":"fr_CA","og_type":"article","og_title":"Plus grand et plus vrai que nature - France - Institut de Leadership","og_description":"\u00c9crit par : Nabil Doss Intervenant \u00e0 l\u2019Institut de leadership en gestion Expert en communication d\u2019influence Pr\u00e9sident \u00e9lu de la Global Speakers Federation Un dirigeant d\u2019entreprise que je conseillais avant une pr\u00e9sentation importante, me confiait qu\u2019il ne se sentait pas &hellip;","og_url":"https:\/\/www.institutleadership.ca\/paris\/2016\/01\/20\/plus-grand-et-plus-vrai-que-nature\/","og_site_name":"France - Institut de Leadership","article_published_time":"2016-01-20T10:31:26+00:00","article_modified_time":"2019-01-12T11:37:08+00:00","og_image":[{"width":1600,"height":1065,"url":"https:\/\/www.institutleadership.ca\/paris\/wp-content\/uploads\/sites\/9\/2016\/01\/photo-1.jpg","type":"image\/jpeg"}],"author":"Institut De Leadership","twitter_card":"summary_large_image","twitter_misc":{"\u00c9crit par":"Institut De Leadership","Estimation du temps de lecture":"4 minutes"},"schema":{"@context":"https:\/\/schema.org","@graph":[{"@type":"WebPage","@id":"https:\/\/www.institutleadership.ca\/paris\/2016\/01\/20\/plus-grand-et-plus-vrai-que-nature\/","url":"https:\/\/www.institutleadership.ca\/paris\/2016\/01\/20\/plus-grand-et-plus-vrai-que-nature\/","name":"Plus grand et plus vrai que nature - France - Institut de Leadership","isPartOf":{"@id":"https:\/\/www.institutleadership.ca\/paris\/#website"},"datePublished":"2016-01-20T10:31:26+00:00","dateModified":"2019-01-12T11:37:08+00:00","author":{"@id":"https:\/\/www.institutleadership.ca\/paris\/#\/schema\/person\/ae9b44582accf4ab76e5d82f8be544de"},"breadcrumb":{"@id":"https:\/\/www.institutleadership.ca\/paris\/2016\/01\/20\/plus-grand-et-plus-vrai-que-nature\/#breadcrumb"},"inLanguage":"fr-CA","potentialAction":[{"@type":"ReadAction","target":["https:\/\/www.institutleadership.ca\/paris\/2016\/01\/20\/plus-grand-et-plus-vrai-que-nature\/"]}]},{"@type":"BreadcrumbList","@id":"https:\/\/www.institutleadership.ca\/paris\/2016\/01\/20\/plus-grand-et-plus-vrai-que-nature\/#breadcrumb","itemListElement":[{"@type":"ListItem","position":1,"name":"Accueil","item":"https:\/\/www.institutleadership.ca\/paris\/"},{"@type":"ListItem","position":2,"name":"Plus grand et plus vrai que nature"}]},{"@type":"WebSite","@id":"https:\/\/www.institutleadership.ca\/paris\/#website","url":"https:\/\/www.institutleadership.ca\/paris\/","name":"France - Institut de Leadership","description":"Formations pour cadres et dirigeants","potentialAction":[{"@type":"SearchAction","target":{"@type":"EntryPoint","urlTemplate":"https:\/\/www.institutleadership.ca\/paris\/?s={search_term_string}"},"query-input":"required name=search_term_string"}],"inLanguage":"fr-CA"},{"@type":"Person","@id":"https:\/\/www.institutleadership.ca\/paris\/#\/schema\/person\/ae9b44582accf4ab76e5d82f8be544de","name":"Institut De Leadership","image":{"@type":"ImageObject","inLanguage":"fr-CA","@id":"https:\/\/www.institutleadership.ca\/paris\/#\/schema\/person\/image\/","url":"https:\/\/secure.gravatar.com\/avatar\/c59729bd60856551b2bc9e1cadfd58f5?s=96&d=mm&r=g","contentUrl":"https:\/\/secure.gravatar.com\/avatar\/c59729bd60856551b2bc9e1cadfd58f5?s=96&d=mm&r=g","caption":"Institut De Leadership"},"url":"https:\/\/www.institutleadership.ca\/paris\/author\/adminjack\/"}]}},"_links":{"self":[{"href":"https:\/\/www.institutleadership.ca\/paris\/wp-json\/wp\/v2\/posts\/3696"}],"collection":[{"href":"https:\/\/www.institutleadership.ca\/paris\/wp-json\/wp\/v2\/posts"}],"about":[{"href":"https:\/\/www.institutleadership.ca\/paris\/wp-json\/wp\/v2\/types\/post"}],"author":[{"embeddable":true,"href":"https:\/\/www.institutleadership.ca\/paris\/wp-json\/wp\/v2\/users\/1"}],"replies":[{"embeddable":true,"href":"https:\/\/www.institutleadership.ca\/paris\/wp-json\/wp\/v2\/comments?post=3696"}],"version-history":[{"count":2,"href":"https:\/\/www.institutleadership.ca\/paris\/wp-json\/wp\/v2\/posts\/3696\/revisions"}],"predecessor-version":[{"id":9129,"href":"https:\/\/www.institutleadership.ca\/paris\/wp-json\/wp\/v2\/posts\/3696\/revisions\/9129"}],"wp:featuredmedia":[{"embeddable":true,"href":"https:\/\/www.institutleadership.ca\/paris\/wp-json\/wp\/v2\/media\/9128"}],"wp:attachment":[{"href":"https:\/\/www.institutleadership.ca\/paris\/wp-json\/wp\/v2\/media?parent=3696"}],"wp:term":[{"taxonomy":"category","embeddable":true,"href":"https:\/\/www.institutleadership.ca\/paris\/wp-json\/wp\/v2\/categories?post=3696"},{"taxonomy":"post_tag","embeddable":true,"href":"https:\/\/www.institutleadership.ca\/paris\/wp-json\/wp\/v2\/tags?post=3696"}],"curies":[{"name":"wp","href":"https:\/\/api.w.org\/{rel}","templated":true}]}}